{"id":5721,"date":"2026-08-27T09:36:15","date_gmt":"2026-08-27T08:36:15","guid":{"rendered":"https:\/\/nublo.tv\/?p=5721"},"modified":"2026-08-27T09:36:15","modified_gmt":"2026-08-27T08:36:15","slug":"el-teldense-juan-francisco-hernandez-se-proclama-subcampeon-de-espana-de-triatlon-paralimpico","status":"publish","type":"post","link":"https:\/\/nublo.tv\/index.php\/2026\/08\/27\/el-teldense-juan-francisco-hernandez-se-proclama-subcampeon-de-espana-de-triatlon-paralimpico\/","title":{"rendered":"El teldense Juan Francisco Hern\u00e1ndez se proclama subcampe\u00f3n de Espa\u00f1a de triatl\u00f3n paral\u00edmpico"},"content":{"rendered":"<p><strong>El deportista residente en Telde Juan Francisco Hern\u00e1ndez Bartolom\u00e9 se proclam\u00f3 subcampe\u00f3n de Espa\u00f1a de Triatl\u00f3n Paral\u00edmpico en la categor\u00eda PTS3 tras conquistar la medalla de plata en el campeonato celebrado el pasado s\u00e1bado en M\u00e9rida (Extremadura).<\/strong><\/p>\n<p>Hern\u00e1ndez firm\u00f3 un tiempo final de 1 hora, 41 minutos y 15 segundos para alcanzar la segunda posici\u00f3n de la clasificaci\u00f3n nacional. El t\u00edtulo de la prueba fue para Kini Carrasco \u00c1vila, quien complet\u00f3 el recorrido en 1:35:06 seg\u00fan la clasificaci\u00f3n oficial.<\/p>\n<p>El Campeonato de Espa\u00f1a de Triatl\u00f3n Paral\u00edmpico se disput\u00f3 durante la ma\u00f1ana del s\u00e1bado 22 de agosto como parte de un fin de semana en el que M\u00e9rida reuni\u00f3 a unos 800 deportistas. La competici\u00f3n se desarroll\u00f3 en un formato de distancia sprint compuesto por 750 metros de nataci\u00f3n, 20 kil\u00f3metros de ciclismo y 5 kil\u00f3metros de carrera a pie, con escenarios como el r\u00edo Guadiana y el entorno del Puente Romano.<\/p>\n<h3>Trayectoria y reacciones institucionales<\/h3>\n<p>El paratriatleta compiti\u00f3 en representaci\u00f3n del Club Deportivo Atletas Sin Fronteras, sumando este \u00e9xito nacional a su anterior t\u00edtulo de campe\u00f3n de Canarias de triatl\u00f3n paral\u00edmpico PTS3 en distancia supersprint.<\/p>\n<p>Tras conocerse el resultado, el alcalde de Telde, Juan Antonio Pe\u00f1a, traslad\u00f3 su felicitaci\u00f3n al deportista y destac\u00f3 el esfuerzo y la constancia que hay detr\u00e1s de una medalla de esta magnitud. Por su parte, el concejal de Actividad F\u00edsica y Deportes, Cristhian Santana, resalt\u00f3 el m\u00e9rito de situarse en la \u00e9lite nacional y representar al municipio en competiciones de este nivel.<\/p>\n","protected":false},"excerpt":{"rendered":"<p>https:\/\/www.telde.es\/wp-content\/uploads\/2026\/08\/noticia691.jpgTelde, 26 de agosto de 2026.- El deporte teldense vuelve a subir a un podio nacional. Juan Francisco Hern\u00e1ndez Bartolom\u00e9, residente en Telde, se proclam\u00f3 el pasado s\u00e1bado subcampe\u00f3n de&hellip;<\/p>\n","protected":false},"author":1,"featured_media":5748,"comment_status":"open","ping_status":"open","sticky":false,"template":"","format":"standard","meta":{"wpai_generated_summary":"","wpai_meta_description":"","footnotes":""},"categories":[140],"tags":[],"class_list":["post-5721","post","type-post","status-publish","format-standard","has-post-thumbnail","hentry","category-ayuntamiento-de-telde"],"_links":{"self":[{"href":"https:\/\/nublo.tv\/index.php\/wp-json\/wp\/v2\/posts\/5721","targetHints":{"allow":["GET"]}}],"collection":[{"href":"https:\/\/nublo.tv\/index.php\/wp-json\/wp\/v2\/posts"}],"about":[{"href":"https:\/\/nublo.tv\/index.php\/wp-json\/wp\/v2\/types\/post"}],"author":[{"embeddable":true,"href":"https:\/\/nublo.tv\/index.php\/wp-json\/wp\/v2\/users\/1"}],"replies":[{"embeddable":true,"href":"https:\/\/nublo.tv\/index.php\/wp-json\/wp\/v2\/comments?post=5721"}],"version-history":[{"count":2,"href":"https:\/\/nublo.tv\/index.php\/wp-json\/wp\/v2\/posts\/5721\/revisions"}],"predecessor-version":[{"id":5758,"href":"https:\/\/nublo.tv\/index.php\/wp-json\/wp\/v2\/posts\/5721\/revisions\/5758"}],"wp:featuredmedia":[{"embeddable":true,"href":"https:\/\/nublo.tv\/index.php\/wp-json\/wp\/v2\/media\/5748"}],"wp:attachment":[{"href":"https:\/\/nublo.tv\/index.php\/wp-json\/wp\/v2\/media?parent=5721"}],"wp:term":[{"taxonomy":"category","embeddable":true,"href":"https:\/\/nublo.tv\/index.php\/wp-json\/wp\/v2\/categories?post=5721"},{"taxonomy":"post_tag","embeddable":true,"href":"https:\/\/nublo.tv\/index.php\/wp-json\/wp\/v2\/tags?post=5721"}],"curies":[{"name":"wp","href":"https:\/\/api.w.org\/{rel}","templated":true}]}}