{"id":5723,"date":"2026-08-27T09:36:11","date_gmt":"2026-08-27T08:36:11","guid":{"rendered":"https:\/\/nublo.tv\/?p=5723"},"modified":"2026-08-27T09:36:11","modified_gmt":"2026-08-27T08:36:11","slug":"melenara-se-prepara-este-jueves-para-una-gran-noche-de-musica-con-el-ultimo-que-cierre-y-los-600","status":"publish","type":"post","link":"https:\/\/nublo.tv\/index.php\/2026\/08\/27\/melenara-se-prepara-este-jueves-para-una-gran-noche-de-musica-con-el-ultimo-que-cierre-y-los-600\/","title":{"rendered":"Melenara se prepara este jueves para una gran noche de m\u00fasica con El \u00daltimo que Cierre y Los 600"},"content":{"rendered":"<p><strong>La playa de Melenara acoger\u00e1 este jueves 27 de agosto, a partir de las 21.00 horas, el evento &#8216;Melenara en Concierto&#8217; con las actuaciones de las bandas El \u00daltimo que Cierre y Los 600, enmarcado en la programaci\u00f3n estival y festiva del litoral de Telde.<\/strong><\/p>\n<p>La primera actuaci\u00f3n comenzar\u00e1 a las 21.00 horas con El \u00daltimo que Cierre, formaci\u00f3n grancanaria con un repertorio construido alrededor de conocidos temas del pop espa\u00f1ol. A continuaci\u00f3n, a partir de las 22.30 horas, llegar\u00e1 Los 600, una banda nacida en Gran Canaria que recupera sobre el escenario grandes canciones del pop y el rock espa\u00f1ol de las d\u00e9cadas de los 70, 80 y 90.<\/p>\n<h3>Detalles de la programaci\u00f3n<\/h3>\n<p>La propuesta permitir\u00e1 disfrutar de m\u00e1s de tres d\u00e9cadas de canciones conocidas por varias generaciones, en un escenario privilegiado junto al mar y coincidiendo con una de las semanas de mayor actividad festiva del n\u00facleo costero.<\/p>\n<p>El concierto forma parte de la programaci\u00f3n de las Fiestas de Melenara y se complementa con las actividades impulsadas por el Ayuntamiento de Telde durante este verano, entre ellas &#8216;S\u00fabete a la Ola de la Vida&#8217;, que organiza Juventud y que dirige Cristhian Santana, que est\u00e1 llevando m\u00fasica, cine y propuestas familiares a diferentes playas y barrios del municipio.<\/p>\n<p>El Ayuntamiento invita a vecinos y visitantes a acercarse a Melenara y disfrutar de una noche que reunir\u00e1 m\u00fasica en directo, playa, restauraci\u00f3n y ambiente festivo, contribuyendo adem\u00e1s a generar actividad en los establecimientos y negocios del entorno.<\/p>\n<p>Melenara en Concierto se celebra este jueves 27 de agosto en la Playa de Melenara, con actuaciones a las 21.00 horas de El \u00daltimo que Cierre y a las 22.30 horas de Los 600, con acceso libre.<\/p>\n","protected":false},"excerpt":{"rendered":"<p>https:\/\/www.telde.es\/wp-content\/uploads\/2026\/08\/noticia690.jpgTelde, 26 de agosto de 2026.- Melenara tiene este jueves 27 de agosto una cita con la m\u00fasica en directo. La playa se convertir\u00e1 desde las 21.00 horas en escenario&hellip;<\/p>\n","protected":false},"author":1,"featured_media":5746,"comment_status":"open","ping_status":"open","sticky":false,"template":"","format":"standard","meta":{"wpai_generated_summary":"","wpai_meta_description":"","footnotes":""},"categories":[140],"tags":[],"class_list":["post-5723","post","type-post","status-publish","format-standard","has-post-thumbnail","hentry","category-ayuntamiento-de-telde"],"_links":{"self":[{"href":"https:\/\/nublo.tv\/index.php\/wp-json\/wp\/v2\/posts\/5723","targetHints":{"allow":["GET"]}}],"collection":[{"href":"https:\/\/nublo.tv\/index.php\/wp-json\/wp\/v2\/posts"}],"about":[{"href":"https:\/\/nublo.tv\/index.php\/wp-json\/wp\/v2\/types\/post"}],"author":[{"embeddable":true,"href":"https:\/\/nublo.tv\/index.php\/wp-json\/wp\/v2\/users\/1"}],"replies":[{"embeddable":true,"href":"https:\/\/nublo.tv\/index.php\/wp-json\/wp\/v2\/comments?post=5723"}],"version-history":[{"count":2,"href":"https:\/\/nublo.tv\/index.php\/wp-json\/wp\/v2\/posts\/5723\/revisions"}],"predecessor-version":[{"id":5757,"href":"https:\/\/nublo.tv\/index.php\/wp-json\/wp\/v2\/posts\/5723\/revisions\/5757"}],"wp:featuredmedia":[{"embeddable":true,"href":"https:\/\/nublo.tv\/index.php\/wp-json\/wp\/v2\/media\/5746"}],"wp:attachment":[{"href":"https:\/\/nublo.tv\/index.php\/wp-json\/wp\/v2\/media?parent=5723"}],"wp:term":[{"taxonomy":"category","embeddable":true,"href":"https:\/\/nublo.tv\/index.php\/wp-json\/wp\/v2\/categories?post=5723"},{"taxonomy":"post_tag","embeddable":true,"href":"https:\/\/nublo.tv\/index.php\/wp-json\/wp\/v2\/tags?post=5723"}],"curies":[{"name":"wp","href":"https:\/\/api.w.org\/{rel}","templated":true}]}}