{"id":5725,"date":"2026-08-27T09:36:07","date_gmt":"2026-08-27T08:36:07","guid":{"rendered":"https:\/\/nublo.tv\/?p=5725"},"modified":"2026-08-27T09:36:07","modified_gmt":"2026-08-27T08:36:07","slug":"el-ayuntamiento-de-telde-activa-un-operativo-especial-de-limpieza-para-las-fiestas-de-melenara","status":"publish","type":"post","link":"https:\/\/nublo.tv\/index.php\/2026\/08\/27\/el-ayuntamiento-de-telde-activa-un-operativo-especial-de-limpieza-para-las-fiestas-de-melenara\/","title":{"rendered":"El Ayuntamiento de Telde activa un operativo especial de limpieza para las fiestas de Melenara"},"content":{"rendered":"<p><strong>El Ayuntamiento de Telde, a trav\u00e9s de la Concejal\u00eda de Limpieza Viaria y Recogida de Residuos, ha activado un dispositivo extraordinario con motivo de las fiestas de Melenara, una de las celebraciones m\u00e1s multitudinarias del municipio.<\/strong><\/p>\n<p>La concejala del \u00e1rea, Mar\u00eda Calder\u00edn, explica que el objetivo es acompa\u00f1ar el desarrollo de los festejos con un servicio reforzado para mantener la playa, el paseo mar\u00edtimo y los espacios p\u00fablicos en las mejores condiciones antes, durante y despu\u00e9s de cada acto. Asimismo, agradece el compromiso del personal del servicio municipal por el esfuerzo realizado ante el incremento de visitantes.<\/p>\n<p>El operativo complementa el servicio habitual y se desarrolla desde el inicio de los actos de mayor afluencia hasta la finalizaci\u00f3n de las fiestas, prestando especial atenci\u00f3n al fin de semana, cuando se espera la asistencia de miles de personas.<\/p>\n<h3>Refuerzo de los trabajos durante todo el fin de semana<\/h3>\n<p>El dispositivo especial se concentra entre el viernes y el domingo con equipos distribuidos en turnos de ma\u00f1ana, tarde y noche. Las actuaciones incluyen barrido manual y mec\u00e1nico, baldeos, desinfecci\u00f3n, vaciado continuo de papeleras, instalaci\u00f3n de contenedores de apoyo y acondicionamiento de la playa, los accesos y el paseo mar\u00edtimo.<\/p>\n<p>El viernes se refuerzan las zonas de mayor concentraci\u00f3n de p\u00fablico con contenedores adicionales en el entorno de Taliarte. El s\u00e1bado, coincidiendo con la jornada principal y el espect\u00e1culo pirot\u00e9cnico, se intensifican las labores de limpieza preventiva y posterior, adem\u00e1s del reparto de bolsas entre los asistentes.<\/p>\n<p>El domingo, los trabajos comienzan desde primera hora de la madrugada para que la playa recupere su estado habitual. Durante la jornada contin\u00faan las tareas de limpieza, baldeo, cribado de la arena, retirada de contenedores provisionales y acondicionamiento de los espacios por los que discurre la procesi\u00f3n.<\/p>\n<p>Desde el Ayuntamiento de Telde se solicita la colaboraci\u00f3n de vecinos y visitantes para depositar los residuos en los lugares habilitados y contribuir al mantenimiento de un entorno limpio durante las celebraciones.<\/p>\n","protected":false},"excerpt":{"rendered":"<p>https:\/\/www.telde.es\/wp-content\/uploads\/2026\/08\/noticia697.jpgTelde, a 26 de agosto de 2026. El Ayuntamiento de Telde, a trav\u00e9s de la Concejal\u00eda de Limpieza Viaria y Recogida de Residuos, que dirige Mar\u00eda Calder\u00edn, desplegar\u00e1 un dispositivo&hellip;<\/p>\n","protected":false},"author":1,"featured_media":5744,"comment_status":"open","ping_status":"open","sticky":false,"template":"","format":"standard","meta":{"wpai_generated_summary":"","wpai_meta_description":"","footnotes":""},"categories":[140],"tags":[],"class_list":["post-5725","post","type-post","status-publish","format-standard","has-post-thumbnail","hentry","category-ayuntamiento-de-telde"],"_links":{"self":[{"href":"https:\/\/nublo.tv\/index.php\/wp-json\/wp\/v2\/posts\/5725","targetHints":{"allow":["GET"]}}],"collection":[{"href":"https:\/\/nublo.tv\/index.php\/wp-json\/wp\/v2\/posts"}],"about":[{"href":"https:\/\/nublo.tv\/index.php\/wp-json\/wp\/v2\/types\/post"}],"author":[{"embeddable":true,"href":"https:\/\/nublo.tv\/index.php\/wp-json\/wp\/v2\/users\/1"}],"replies":[{"embeddable":true,"href":"https:\/\/nublo.tv\/index.php\/wp-json\/wp\/v2\/comments?post=5725"}],"version-history":[{"count":2,"href":"https:\/\/nublo.tv\/index.php\/wp-json\/wp\/v2\/posts\/5725\/revisions"}],"predecessor-version":[{"id":5756,"href":"https:\/\/nublo.tv\/index.php\/wp-json\/wp\/v2\/posts\/5725\/revisions\/5756"}],"wp:featuredmedia":[{"embeddable":true,"href":"https:\/\/nublo.tv\/index.php\/wp-json\/wp\/v2\/media\/5744"}],"wp:attachment":[{"href":"https:\/\/nublo.tv\/index.php\/wp-json\/wp\/v2\/media?parent=5725"}],"wp:term":[{"taxonomy":"category","embeddable":true,"href":"https:\/\/nublo.tv\/index.php\/wp-json\/wp\/v2\/categories?post=5725"},{"taxonomy":"post_tag","embeddable":true,"href":"https:\/\/nublo.tv\/index.php\/wp-json\/wp\/v2\/tags?post=5725"}],"curies":[{"name":"wp","href":"https:\/\/api.w.org\/{rel}","templated":true}]}}