{"id":5763,"date":"2026-08-27T10:12:02","date_gmt":"2026-08-27T09:12:02","guid":{"rendered":"https:\/\/nublo.tv\/?p=5763"},"modified":"2026-08-27T10:12:02","modified_gmt":"2026-08-27T09:12:02","slug":"barrios-vivos-llega-a-la-punta-de-galdar-en-su-segunda-parada-con-la-yincana-el-tesoro-de-galdar","status":"publish","type":"post","link":"https:\/\/nublo.tv\/index.php\/2026\/08\/27\/barrios-vivos-llega-a-la-punta-de-galdar-en-su-segunda-parada-con-la-yincana-el-tesoro-de-galdar\/","title":{"rendered":"Barrios Vivos llega a La Punta de G\u00e1ldar en su segunda parada con la yincana &#8216;El tesoro de G\u00e1ldar&#8217;"},"content":{"rendered":"<p><strong>El Ayuntamiento de G\u00e1ldar organiza este domingo 30 de agosto, de 10:30 a 13:30 horas, la segunda parada del proyecto Barrios Vivos en La Punta de G\u00e1ldar con talleres creativos y la yincana &#8216;El tesoro de G\u00e1ldar&#8217; para la infancia y las familias.<\/strong><\/p>\n<p>La iniciativa, impulsada a trav\u00e9s de la Concejal\u00eda de Educaci\u00f3n que dirige Rita Cabrera, busca convertir La Punta de G\u00e1ldar en un espacio de encuentro para compartir y crear comunidad entre los vecinos, centrando las actividades en los m\u00e1s peque\u00f1os.<\/p>\n<h3>Un proyecto enmarcado en G\u00e1ldar Educa<\/h3>\n<p>El Ayuntamiento impulsa este proyecto dentro del programa anual G\u00e1ldar Educa, apoyado por el Plan Corresponsables a trav\u00e9s de la FECAM. Barrios Vivos es una propuesta educativa, cultural y de ocio familiar que lleva espacios de juego y arte a los distintos barrios del municipio, con la colaboraci\u00f3n de Enf\u00f3rmate.<\/p>\n<p>Las futuras jornadas de esta iniciativa en el resto del municipio ser\u00e1n comunicadas a trav\u00e9s de la web y las redes sociales del Ayuntamiento de G\u00e1ldar.<\/p>\n","protected":false},"excerpt":{"rendered":"<p>El Ayuntamiento de G\u00e1ldar, a trav\u00e9s de la Concejal\u00eda de Educaci\u00f3n que dirige Rita Cabrera, organiza la segunda parada de este a\u00f1o del proyecto Barrios Vivos en La Punta de&hellip;<\/p>\n","protected":false},"author":1,"featured_media":5766,"comment_status":"open","ping_status":"open","sticky":false,"template":"","format":"standard","meta":{"wpai_generated_summary":"","wpai_meta_description":"","footnotes":""},"categories":[129],"tags":[],"class_list":["post-5763","post","type-post","status-publish","format-standard","has-post-thumbnail","hentry","category-ayuntamiento-de-galdar"],"_links":{"self":[{"href":"https:\/\/nublo.tv\/index.php\/wp-json\/wp\/v2\/posts\/5763","targetHints":{"allow":["GET"]}}],"collection":[{"href":"https:\/\/nublo.tv\/index.php\/wp-json\/wp\/v2\/posts"}],"about":[{"href":"https:\/\/nublo.tv\/index.php\/wp-json\/wp\/v2\/types\/post"}],"author":[{"embeddable":true,"href":"https:\/\/nublo.tv\/index.php\/wp-json\/wp\/v2\/users\/1"}],"replies":[{"embeddable":true,"href":"https:\/\/nublo.tv\/index.php\/wp-json\/wp\/v2\/comments?post=5763"}],"version-history":[{"count":2,"href":"https:\/\/nublo.tv\/index.php\/wp-json\/wp\/v2\/posts\/5763\/revisions"}],"predecessor-version":[{"id":5767,"href":"https:\/\/nublo.tv\/index.php\/wp-json\/wp\/v2\/posts\/5763\/revisions\/5767"}],"wp:featuredmedia":[{"embeddable":true,"href":"https:\/\/nublo.tv\/index.php\/wp-json\/wp\/v2\/media\/5766"}],"wp:attachment":[{"href":"https:\/\/nublo.tv\/index.php\/wp-json\/wp\/v2\/media?parent=5763"}],"wp:term":[{"taxonomy":"category","embeddable":true,"href":"https:\/\/nublo.tv\/index.php\/wp-json\/wp\/v2\/categories?post=5763"},{"taxonomy":"post_tag","embeddable":true,"href":"https:\/\/nublo.tv\/index.php\/wp-json\/wp\/v2\/tags?post=5763"}],"curies":[{"name":"wp","href":"https:\/\/api.w.org\/{rel}","templated":true}]}}