{"id":5768,"date":"2026-08-27T11:04:19","date_gmt":"2026-08-27T10:04:19","guid":{"rendered":"https:\/\/nublo.tv\/?p=5768"},"modified":"2026-08-27T11:04:19","modified_gmt":"2026-08-27T10:04:19","slug":"la-aldea-de-san-nicolas-instala-el-alumbrado-para-las-fiestas-de-san-nicolas-de-tolentino-2026","status":"publish","type":"post","link":"https:\/\/nublo.tv\/index.php\/2026\/08\/27\/la-aldea-de-san-nicolas-instala-el-alumbrado-para-las-fiestas-de-san-nicolas-de-tolentino-2026\/","title":{"rendered":"La Aldea de San Nicol\u00e1s instala el alumbrado para las Fiestas de San Nicol\u00e1s de Tolentino 2026"},"content":{"rendered":"<p><strong>El Ayuntamiento de La Aldea de San Nicol\u00e1s trabaja en la instalaci\u00f3n de los motivos de iluminaci\u00f3n festiva en la Avenida San Nicol\u00e1s con motivo de las Fiestas de San Nicol\u00e1s de Tolentino 2026.<\/strong><\/p>\n<p>Los trabajos, gestionados a trav\u00e9s de la Concejal\u00eda de Alumbrado P\u00fablico que dirige V\u00edctor Juan Hern\u00e1ndez, contemplan la colocaci\u00f3n de diferentes elementos y motivos luminosos en este punto del municipio para ambientar unas celebraciones arraigadas que transforman las calles y espacios p\u00fablicos.<\/p>\n<p>El concejal V\u00edctor Juan Hern\u00e1ndez ha se\u00f1alado que desde el \u00e1rea trabajan para que la avenida principal se vista de fiesta y acompa\u00f1e a vecinos y visitantes, destacando que la iluminaci\u00f3n contribuye a crear un ambiente especial que caracteriza estas fechas. Asimismo, el edil ha trasladado su agradecimiento a la empresa licitadora encargada de llevar a cabo la instalaci\u00f3n, Proferma 2000 SLU, por los trabajos realizados.<\/p>\n<p>Con estas actuaciones, el consistorio prosigue los preparativos de las fiestas con el objetivo de que el municipio est\u00e9 preparado para acoger una programaci\u00f3n que reunir\u00e1 a residentes y visitantes en torno a sus tradiciones y cultura.<\/p>\n","protected":false},"excerpt":{"rendered":"<p>El Ayuntamiento de La Aldea de San Nicol\u00e1s, a trav\u00e9s de la Concejal\u00eda de Alumbrado P\u00fablico que dirige V\u00edctor Juan Hern\u00e1ndez, trabaja estos d\u00edas en la instalaci\u00f3n de los motivos&hellip;<\/p>\n","protected":false},"author":1,"featured_media":5776,"comment_status":"open","ping_status":"open","sticky":false,"template":"","format":"standard","meta":{"wpai_generated_summary":"","wpai_meta_description":"","footnotes":""},"categories":[131],"tags":[],"class_list":["post-5768","post","type-post","status-publish","format-standard","has-post-thumbnail","hentry","category-ayuntamiento-de-la-aldea-de-san-nicolas"],"_links":{"self":[{"href":"https:\/\/nublo.tv\/index.php\/wp-json\/wp\/v2\/posts\/5768","targetHints":{"allow":["GET"]}}],"collection":[{"href":"https:\/\/nublo.tv\/index.php\/wp-json\/wp\/v2\/posts"}],"about":[{"href":"https:\/\/nublo.tv\/index.php\/wp-json\/wp\/v2\/types\/post"}],"author":[{"embeddable":true,"href":"https:\/\/nublo.tv\/index.php\/wp-json\/wp\/v2\/users\/1"}],"replies":[{"embeddable":true,"href":"https:\/\/nublo.tv\/index.php\/wp-json\/wp\/v2\/comments?post=5768"}],"version-history":[{"count":2,"href":"https:\/\/nublo.tv\/index.php\/wp-json\/wp\/v2\/posts\/5768\/revisions"}],"predecessor-version":[{"id":5781,"href":"https:\/\/nublo.tv\/index.php\/wp-json\/wp\/v2\/posts\/5768\/revisions\/5781"}],"wp:featuredmedia":[{"embeddable":true,"href":"https:\/\/nublo.tv\/index.php\/wp-json\/wp\/v2\/media\/5776"}],"wp:attachment":[{"href":"https:\/\/nublo.tv\/index.php\/wp-json\/wp\/v2\/media?parent=5768"}],"wp:term":[{"taxonomy":"category","embeddable":true,"href":"https:\/\/nublo.tv\/index.php\/wp-json\/wp\/v2\/categories?post=5768"},{"taxonomy":"post_tag","embeddable":true,"href":"https:\/\/nublo.tv\/index.php\/wp-json\/wp\/v2\/tags?post=5768"}],"curies":[{"name":"wp","href":"https:\/\/api.w.org\/{rel}","templated":true}]}}