{"id":5773,"date":"2026-08-27T11:04:27","date_gmt":"2026-08-27T10:04:27","guid":{"rendered":"https:\/\/nublo.tv\/?p=5773"},"modified":"2026-08-27T11:04:27","modified_gmt":"2026-08-27T10:04:27","slug":"el-ayuntamiento-de-las-palmas-de-gran-canaria-licita-por-mas-de-un-millon-de-euros-la-rehabilitacion-de-los-muros-de-playa-chica-y-los-lisos-en-las-canteras","status":"publish","type":"post","link":"https:\/\/nublo.tv\/index.php\/2026\/08\/27\/el-ayuntamiento-de-las-palmas-de-gran-canaria-licita-por-mas-de-un-millon-de-euros-la-rehabilitacion-de-los-muros-de-playa-chica-y-los-lisos-en-las-canteras\/","title":{"rendered":"El Ayuntamiento de Las Palmas de Gran Canaria licita por m\u00e1s de un mill\u00f3n de euros la rehabilitaci\u00f3n de los muros de Playa Chica y Los Lisos en Las Canteras"},"content":{"rendered":"<p><strong>El Ayuntamiento de Las Palmas de Gran Canaria ha licitado por 1.055.912,93 euros la ejecuci\u00f3n de las obras de reparaci\u00f3n, consolidaci\u00f3n y protecci\u00f3n de los muros y contrafuertes del Paseo de Las Canteras, concretamente en la zona de Playa Chica y Los Lisos, en un tramo de 286 metros lineales con un plazo de ejecuci\u00f3n de seis meses.<\/strong><\/p>\n<p>La actuaci\u00f3n est\u00e1 promovida por el Ayuntamiento a trav\u00e9s de las \u00e1reas de Planificaci\u00f3n, Desarrollo Urbano y Vivienda y de Ciudad de Mar, y ha sido elaborada por la Sociedad Municipal de Gesti\u00f3n Urban\u00edstica de Las Palmas de Gran Canaria (GEURSA), con la supervisi\u00f3n del Servicio de Urbanismo municipal. El proyecto busca mejorar las condiciones de estabilidad, durabilidad y protecci\u00f3n de esta infraestructura afectada por el deterioro acumulado debido a la exposici\u00f3n continuada al ambiente marino y a la acci\u00f3n del oleaje.<\/p>\n<p>El concejal de Planificaci\u00f3n, Desarrollo Urbano y Vivienda, Mauricio Roque, se\u00f1al\u00f3 que se trata de una intervenci\u00f3n preventiva para conservar y reforzar la infraestructura sin alterar su configuraci\u00f3n original. Por su parte, el concejal de Ciudad de Mar, Pedro Quevedo, apunt\u00f3 que el conocido como muro Marrero presenta un desgaste visible por el efecto erosivo del mar, las pleamares y los temporales estacionales, destacando el esfuerzo inversor del consistorio.<\/p>\n<h3>\u00c1mbitos de actuaci\u00f3n y detalles t\u00e9cnicos<\/h3>\n<p>Los trabajos se concentrar\u00e1n en tres tramos del Paseo de Las Canteras: el primero entre las calles Luis Morote y Torres Quevedo (107 metros), el segundo entre el n\u00famero 38 del paseo y la calle Nicol\u00e1s Est\u00e9vanez (94 metros), y el tercero entre la calle Jos\u00e9 Franchy Roca y el n\u00famero 49 (85 metros).<\/p>\n<p>Entre los trabajos previstos figuran el saneo y reparaci\u00f3n de superficies deterioradas, el sellado e inyecci\u00f3n de fisuras, la intervenci\u00f3n en los contrafuertes y la aplicaci\u00f3n de un tratamiento de protecci\u00f3n espec\u00edfico. Adem\u00e1s, el proyecto incorpora un estudio geof\u00edsico mediante la t\u00e9cnica MASW para analizar el terreno bajo la cimentaci\u00f3n y, si fuera necesario, ejecutar inyecciones de consolidaci\u00f3n.<\/p>\n<p>Durante las obras se retirar\u00e1n temporalmente la barandilla, los bancos y las papeleras para ser recolocados al finalizar, y se adoptar\u00e1n medidas de protecci\u00f3n ambiental. La arena retirada se almacenar\u00e1 temporalmente en una duna provisional dentro de la obra para proteger el espacio y restituir posteriormente el perfil original de la playa.<\/p>\n<p>Las empresas interesadas tienen de plazo para presentar sus ofertas hasta las 14:00 horas del 16 de septiembre a trav\u00e9s de la Plataforma de Contrataci\u00f3n del Sector P\u00fablico.<\/p>\n","protected":false},"excerpt":{"rendered":"<p>La actuaci\u00f3n permitir\u00e1 intervenir en 286 metros lineales del frente mar\u00edtimoLos trabajos mejorar\u00e1n la estabilidad y durabilidad de la estructura frente a la acci\u00f3n del oleaje y el ambiente marinoEl&hellip;<\/p>\n","protected":false},"author":1,"featured_media":5778,"comment_status":"open","ping_status":"open","sticky":false,"template":"","format":"standard","meta":{"wpai_generated_summary":"","wpai_meta_description":"","footnotes":""},"categories":[132],"tags":[],"class_list":["post-5773","post","type-post","status-publish","format-standard","has-post-thumbnail","hentry","category-ayuntamiento-de-las-palmas-de-gran-canaria"],"_links":{"self":[{"href":"https:\/\/nublo.tv\/index.php\/wp-json\/wp\/v2\/posts\/5773","targetHints":{"allow":["GET"]}}],"collection":[{"href":"https:\/\/nublo.tv\/index.php\/wp-json\/wp\/v2\/posts"}],"about":[{"href":"https:\/\/nublo.tv\/index.php\/wp-json\/wp\/v2\/types\/post"}],"author":[{"embeddable":true,"href":"https:\/\/nublo.tv\/index.php\/wp-json\/wp\/v2\/users\/1"}],"replies":[{"embeddable":true,"href":"https:\/\/nublo.tv\/index.php\/wp-json\/wp\/v2\/comments?post=5773"}],"version-history":[{"count":2,"href":"https:\/\/nublo.tv\/index.php\/wp-json\/wp\/v2\/posts\/5773\/revisions"}],"predecessor-version":[{"id":5782,"href":"https:\/\/nublo.tv\/index.php\/wp-json\/wp\/v2\/posts\/5773\/revisions\/5782"}],"wp:featuredmedia":[{"embeddable":true,"href":"https:\/\/nublo.tv\/index.php\/wp-json\/wp\/v2\/media\/5778"}],"wp:attachment":[{"href":"https:\/\/nublo.tv\/index.php\/wp-json\/wp\/v2\/media?parent=5773"}],"wp:term":[{"taxonomy":"category","embeddable":true,"href":"https:\/\/nublo.tv\/index.php\/wp-json\/wp\/v2\/categories?post=5773"},{"taxonomy":"post_tag","embeddable":true,"href":"https:\/\/nublo.tv\/index.php\/wp-json\/wp\/v2\/tags?post=5773"}],"curies":[{"name":"wp","href":"https:\/\/api.w.org\/{rel}","templated":true}]}}