{"id":5785,"date":"2026-08-27T11:24:49","date_gmt":"2026-08-27T10:24:49","guid":{"rendered":"https:\/\/nublo.tv\/?p=5785"},"modified":"2026-08-27T11:24:49","modified_gmt":"2026-08-27T10:24:49","slug":"los-clubes-de-mayores-de-galdar-y-sardina-organizan-una-visita-a-la-finca-el-mocanal-en-santa-brigida","status":"publish","type":"post","link":"https:\/\/nublo.tv\/index.php\/2026\/08\/27\/los-clubes-de-mayores-de-galdar-y-sardina-organizan-una-visita-a-la-finca-el-mocanal-en-santa-brigida\/","title":{"rendered":"Los Clubes de Mayores de G\u00e1ldar y Sardina organizan una visita a la Finca El Mocanal en Santa Br\u00edgida"},"content":{"rendered":"<p><strong>La Concejal\u00eda de Clubes de Mayores del Ayuntamiento de G\u00e1ldar ha organizado para el pr\u00f3ximo 23 de septiembre una excursi\u00f3n dirigida a los usuarios de los centros del municipio para visitar Santa Br\u00edgida, la finca de El Mocanal y la Bodega de San Juan.<\/strong><\/p>\n<p>La actividad incluye una degustaci\u00f3n de vino y queso canario, as\u00ed como un almuerzo en el Restaurante Mes\u00f3n Canario Arucas. Esta iniciativa busca fomentar la convivencia, el ocio activo y el conocimiento del entorno entre las personas mayores del municipio.<\/p>\n<p>Las inscripciones deber\u00e1n realizarse de forma presencial e individual el pr\u00f3ximo 3 de septiembre, con plazas limitadas y preferencia para los socios de los clubes. En el Club de Mayores de G\u00e1ldar el plazo ser\u00e1 de 09:30 a 10:30 horas, y en el Club de Mayores de Sardina de 11:30 a 12:30 horas.<\/p>\n<p>El coste de la actividad es de 30 euros por persona e incluye el transporte, la visita guiada por la bodega, la degustaci\u00f3n y el almuerzo.<\/p>\n","protected":false},"excerpt":{"rendered":"<p>La Concejal\u00eda de Clubes de Mayores del Ayuntamiento de G\u00e1ldar, que dirige Antonio Mar\u00eda Ben\u00edtez Meli\u00e1n, ha organizado una visita dirigida a las personas usuarias de los clubes de mayores&hellip;<\/p>\n","protected":false},"author":1,"featured_media":5789,"comment_status":"open","ping_status":"open","sticky":false,"template":"","format":"standard","meta":{"wpai_generated_summary":"","wpai_meta_description":"","footnotes":""},"categories":[129],"tags":[],"class_list":["post-5785","post","type-post","status-publish","format-standard","has-post-thumbnail","hentry","category-ayuntamiento-de-galdar"],"_links":{"self":[{"href":"https:\/\/nublo.tv\/index.php\/wp-json\/wp\/v2\/posts\/5785","targetHints":{"allow":["GET"]}}],"collection":[{"href":"https:\/\/nublo.tv\/index.php\/wp-json\/wp\/v2\/posts"}],"about":[{"href":"https:\/\/nublo.tv\/index.php\/wp-json\/wp\/v2\/types\/post"}],"author":[{"embeddable":true,"href":"https:\/\/nublo.tv\/index.php\/wp-json\/wp\/v2\/users\/1"}],"replies":[{"embeddable":true,"href":"https:\/\/nublo.tv\/index.php\/wp-json\/wp\/v2\/comments?post=5785"}],"version-history":[{"count":2,"href":"https:\/\/nublo.tv\/index.php\/wp-json\/wp\/v2\/posts\/5785\/revisions"}],"predecessor-version":[{"id":5792,"href":"https:\/\/nublo.tv\/index.php\/wp-json\/wp\/v2\/posts\/5785\/revisions\/5792"}],"wp:featuredmedia":[{"embeddable":true,"href":"https:\/\/nublo.tv\/index.php\/wp-json\/wp\/v2\/media\/5789"}],"wp:attachment":[{"href":"https:\/\/nublo.tv\/index.php\/wp-json\/wp\/v2\/media?parent=5785"}],"wp:term":[{"taxonomy":"category","embeddable":true,"href":"https:\/\/nublo.tv\/index.php\/wp-json\/wp\/v2\/categories?post=5785"},{"taxonomy":"post_tag","embeddable":true,"href":"https:\/\/nublo.tv\/index.php\/wp-json\/wp\/v2\/tags?post=5785"}],"curies":[{"name":"wp","href":"https:\/\/api.w.org\/{rel}","templated":true}]}}