{"id":5797,"date":"2026-08-27T11:43:21","date_gmt":"2026-08-27T10:43:21","guid":{"rendered":"https:\/\/nublo.tv\/?p=5797"},"modified":"2026-08-27T11:43:21","modified_gmt":"2026-08-27T10:43:21","slug":"el-barrio-de-siete-puertas-celebra-desde-este-jueves-sus-fiestas-con-cuatro-dias-de-actividades-para-todos-los-publicos","status":"publish","type":"post","link":"https:\/\/nublo.tv\/index.php\/2026\/08\/27\/el-barrio-de-siete-puertas-celebra-desde-este-jueves-sus-fiestas-con-cuatro-dias-de-actividades-para-todos-los-publicos\/","title":{"rendered":"El barrio de Siete Puertas celebra desde este jueves sus fiestas con cuatro d\u00edas de actividades para todos los p\u00fablicos"},"content":{"rendered":"<p><strong>El barrio de Siete Puertas, en Las Palmas de Gran Canaria, acoge desde este jueves 27 de agosto y hasta el domingo 30 sus fiestas patronales en honor a San Gregorio Magno con un programa que incluye m\u00fasica, tradiciones y actos religiosos.<\/strong><\/p>\n<p>Las celebraciones se desarrollan a lo largo de cuatro jornadas con propuestas dirigidas a personas de todas las edades, organizadas por la Comisi\u00f3n de Fiestas con el apoyo de la Concejal\u00eda del Distrito Tamaraceite-San Lorenzo-Tenoya.<\/p>\n<p>La concejala del distrito, Esther Mart\u00edn, ha se\u00f1alado que las fiestas suponen una oportunidad para el encuentro vecinal y para mantener las tradiciones, al tiempo que ha agradecido la implicaci\u00f3n de los colectivos en la organizaci\u00f3n.<\/p>\n<h3>Programa de actos y eventos<\/h3>\n<p>Las actividades comienzan este jueves a las 12:00 horas con la izada de bandera y contin\u00faan por la tarde con el preg\u00f3n a cargo de Vanessa Betancor y la actuaci\u00f3n del grupo Attenya.<\/p>\n<p>El viernes estar\u00e1 centrado en el p\u00fablico infantil y juvenil con castillos hinchables, un partido de f\u00fatbol, la actuaci\u00f3n de un payaso y una verbena con Luz de Luna.<\/p>\n<p>El s\u00e1bado se celebrar\u00e1 la romer\u00eda-ofrenda a San Gregorio Magno, una exhibici\u00f3n de levantamiento del arado, la actuaci\u00f3n de la Parranda La Polvajera y una verbena con el Grupo Acuarela.<\/p>\n<p>El domingo incluir\u00e1 la eucarist\u00eda y procesi\u00f3n del patr\u00f3n acompa\u00f1ada por la Banda Isle\u00f1a, una paella popular, la Verbena del Solajero con DJ Aithamy y fiesta de la espuma, un partido de f\u00fatbol para mayores y la Gala Fin de Fiesta con Mariachi Pele\u00f3n y Daniela Ram\u00edrez.<\/p>\n","protected":false},"excerpt":{"rendered":"<p>La programaci\u00f3n incluye preg\u00f3n, actuaciones musicales, actividades infantiles, romer\u00eda-ofrenda, actos religiosos, verbenas, una paella popular y la tradicional gala de fin de fiestasLas Palmas de Gran Canaria, 27 de agosto&hellip;<\/p>\n","protected":false},"author":1,"featured_media":5802,"comment_status":"open","ping_status":"open","sticky":false,"template":"","format":"standard","meta":{"wpai_generated_summary":"","wpai_meta_description":"","footnotes":""},"categories":[132],"tags":[],"class_list":["post-5797","post","type-post","status-publish","format-standard","has-post-thumbnail","hentry","category-ayuntamiento-de-las-palmas-de-gran-canaria"],"_links":{"self":[{"href":"https:\/\/nublo.tv\/index.php\/wp-json\/wp\/v2\/posts\/5797","targetHints":{"allow":["GET"]}}],"collection":[{"href":"https:\/\/nublo.tv\/index.php\/wp-json\/wp\/v2\/posts"}],"about":[{"href":"https:\/\/nublo.tv\/index.php\/wp-json\/wp\/v2\/types\/post"}],"author":[{"embeddable":true,"href":"https:\/\/nublo.tv\/index.php\/wp-json\/wp\/v2\/users\/1"}],"replies":[{"embeddable":true,"href":"https:\/\/nublo.tv\/index.php\/wp-json\/wp\/v2\/comments?post=5797"}],"version-history":[{"count":2,"href":"https:\/\/nublo.tv\/index.php\/wp-json\/wp\/v2\/posts\/5797\/revisions"}],"predecessor-version":[{"id":5805,"href":"https:\/\/nublo.tv\/index.php\/wp-json\/wp\/v2\/posts\/5797\/revisions\/5805"}],"wp:featuredmedia":[{"embeddable":true,"href":"https:\/\/nublo.tv\/index.php\/wp-json\/wp\/v2\/media\/5802"}],"wp:attachment":[{"href":"https:\/\/nublo.tv\/index.php\/wp-json\/wp\/v2\/media?parent=5797"}],"wp:term":[{"taxonomy":"category","embeddable":true,"href":"https:\/\/nublo.tv\/index.php\/wp-json\/wp\/v2\/categories?post=5797"},{"taxonomy":"post_tag","embeddable":true,"href":"https:\/\/nublo.tv\/index.php\/wp-json\/wp\/v2\/tags?post=5797"}],"curies":[{"name":"wp","href":"https:\/\/api.w.org\/{rel}","templated":true}]}}