{"id":5799,"date":"2026-08-27T11:43:24","date_gmt":"2026-08-27T10:43:24","guid":{"rendered":"https:\/\/nublo.tv\/?p=5799"},"modified":"2026-08-27T11:43:24","modified_gmt":"2026-08-27T10:43:24","slug":"tejeda-celebra-la-junta-de-seguridad-para-coordinar-el-dispositivo-de-las-fiestas-de-la-virgen-del-socorro-2026","status":"publish","type":"post","link":"https:\/\/nublo.tv\/index.php\/2026\/08\/27\/tejeda-celebra-la-junta-de-seguridad-para-coordinar-el-dispositivo-de-las-fiestas-de-la-virgen-del-socorro-2026\/","title":{"rendered":"Tejeda celebra la Junta de Seguridad para coordinar el dispositivo de las Fiestas de la Virgen del Socorro 2026"},"content":{"rendered":"<p><strong>El Ayuntamiento de Tejeda acogi\u00f3 a las 12:00 horas del pasado mi\u00e9rcoles 19 de agosto la Junta de Seguridad destinada a las Fiestas en Honor a Nuestra Se\u00f1ora la Virgen del Socorro 2026.<\/strong><\/p>\n<p>En la reuni\u00f3n participaron la Corporaci\u00f3n Municipal y los distintos organismos y efectivos que integrar\u00e1n el dispositivo especial de seguridad y emergencias. Entre ellos se encuentran la Guardia Civil, la Polic\u00eda Local de Tejeda, la Agrupaci\u00f3n de Voluntarios de Protecci\u00f3n Civil de Tejeda, el servicio de Soporte Vital B\u00e1sico (SVB) y el director de Seguridad y Emergencias, adem\u00e1s de otros servicios implicados en la organizaci\u00f3n de los eventos.<\/p>\n<p>Durante el encuentro se coordinaron los recursos humanos y materiales, los planes de actuaci\u00f3n y los protocolos de respuesta para garantizar la seguridad, la movilidad y la atenci\u00f3n ante cualquier incidencia durante los actos festivos.<\/p>\n<p>El Ayuntamiento de Tejeda agradeci\u00f3 la disposici\u00f3n, colaboraci\u00f3n y compromiso de los profesionales y voluntarios que formar\u00e1n parte de este operativo para trabajar de manera conjunta y lograr unas fiestas seguras y participativas para vecinos, vecinas y visitantes.<\/p>\n","protected":false},"excerpt":{"rendered":"<p>En la ma\u00f1ana del pasado mi\u00e9rcoles 19 de agosto, a las 12:00 horas, tuvo lugar en el Ayuntamiento de Tejeda la Junta de Seguridad con motivo de las pr\u00f3ximas Fiestas&hellip;<\/p>\n","protected":false},"author":1,"featured_media":5804,"comment_status":"open","ping_status":"open","sticky":false,"template":"","format":"standard","meta":{"wpai_generated_summary":"","wpai_meta_description":"","footnotes":""},"categories":[139],"tags":[],"class_list":["post-5799","post","type-post","status-publish","format-standard","has-post-thumbnail","hentry","category-ayuntamiento-de-tejeda"],"_links":{"self":[{"href":"https:\/\/nublo.tv\/index.php\/wp-json\/wp\/v2\/posts\/5799","targetHints":{"allow":["GET"]}}],"collection":[{"href":"https:\/\/nublo.tv\/index.php\/wp-json\/wp\/v2\/posts"}],"about":[{"href":"https:\/\/nublo.tv\/index.php\/wp-json\/wp\/v2\/types\/post"}],"author":[{"embeddable":true,"href":"https:\/\/nublo.tv\/index.php\/wp-json\/wp\/v2\/users\/1"}],"replies":[{"embeddable":true,"href":"https:\/\/nublo.tv\/index.php\/wp-json\/wp\/v2\/comments?post=5799"}],"version-history":[{"count":2,"href":"https:\/\/nublo.tv\/index.php\/wp-json\/wp\/v2\/posts\/5799\/revisions"}],"predecessor-version":[{"id":5806,"href":"https:\/\/nublo.tv\/index.php\/wp-json\/wp\/v2\/posts\/5799\/revisions\/5806"}],"wp:featuredmedia":[{"embeddable":true,"href":"https:\/\/nublo.tv\/index.php\/wp-json\/wp\/v2\/media\/5804"}],"wp:attachment":[{"href":"https:\/\/nublo.tv\/index.php\/wp-json\/wp\/v2\/media?parent=5799"}],"wp:term":[{"taxonomy":"category","embeddable":true,"href":"https:\/\/nublo.tv\/index.php\/wp-json\/wp\/v2\/categories?post=5799"},{"taxonomy":"post_tag","embeddable":true,"href":"https:\/\/nublo.tv\/index.php\/wp-json\/wp\/v2\/tags?post=5799"}],"curies":[{"name":"wp","href":"https:\/\/api.w.org\/{rel}","templated":true}]}}