{"id":58,"date":"2026-08-04T17:19:27","date_gmt":"2026-08-04T16:19:27","guid":{"rendered":"https:\/\/nublo.tv\/?p=58"},"modified":"2026-08-04T17:19:27","modified_gmt":"2026-08-04T16:19:27","slug":"el-xxxiii-festival-nacional-de-folklore-isla-de-gran-canaria-celebra-este-martes-su-jornada-principal-en-la-plaza-grande-de-guia","status":"publish","type":"post","link":"https:\/\/nublo.tv\/index.php\/2026\/08\/04\/el-xxxiii-festival-nacional-de-folklore-isla-de-gran-canaria-celebra-este-martes-su-jornada-principal-en-la-plaza-grande-de-guia\/","title":{"rendered":"El XXXIII Festival Nacional de Folklore Isla de Gran Canaria celebra este martes su jornada principal en la Plaza Grande de Gu\u00eda"},"content":{"rendered":"<p class=\"p-meta\">\n<span><a href=\"https:\/\/santamariadeguia.es\/category\/noticias\/\" title=\"View all posts in: \u201cNoticias\u201d\">Noticias<\/a>, <a href=\"https:\/\/santamariadeguia.es\/category\/noticias\/cultura\/\" title=\"View all posts in: \u201cCultura\u201d\">Cultura<\/a>, <a href=\"https:\/\/santamariadeguia.es\/category\/ayuntamiento\/\" title=\"View all posts in: \u201cAyuntamiento\u201d\">Ayuntamiento<\/a><\/span><br \/>\n<span><time class=\"entry-date\" datetime=\"2026-08-03T14:33:09+00:00\">03\/08\/2026<\/time><\/span><\/p>\n<p>\u25cf <strong>El encuentro reunir\u00e1, a partir de las 21:00 horas, a agrupaciones de C\u00e1ceres y Gran Canaria tras el \u00e9xito de las actividades celebradas este domingo<\/strong><br \/>\nLa Plaza Grande de Gu\u00eda de Gran Canaria acoger\u00e1 este martes 4 de agosto, a partir de las 21:00 horas, la jornada principal del XXXIII Festival Nacional de Folklore Isla de Gran Canaria, una cita que permitir\u00e1 disfrutar de la m\u00fasica, los bailes y las tradiciones populares de diferentes lugares del territorio nacional.<br \/>\nEl espect\u00e1culo contar\u00e1 con la participaci\u00f3n del Grupo de Folklore La Serrana de Piornal, procedente de C\u00e1ceres; la Agrupaci\u00f3n Folkl\u00f3rica San Crist\u00f3bal, de Las Palmas de Gran Canaria; y la Asociaci\u00f3n Cultural y Recreativa Estrella y Gu\u00eda.<br \/>\nLa celebraci\u00f3n de este martes dar\u00e1 continuidad a la programaci\u00f3n desarrollada durante la jornada del domingo, que cont\u00f3 con una excelente acogida por parte del p\u00fablico. Los actos comenzaron con la recepci\u00f3n de los grupos participantes en el Teatro Hesp\u00e9rides y continuaron en el frontis de la Iglesia de Santa Mar\u00eda de Gu\u00eda con el tradicional izado de las banderas de las comunidades representadas.<br \/>\nPosteriormente, la actividad se traslad\u00f3 a la Plaza Grande, donde las actuaciones folcl\u00f3ricas y la degustaci\u00f3n de productos t\u00edpicos congregaron a numerosos vecinos y amantes de las tradiciones culturales populares. La participaci\u00f3n de las agrupaciones participantes contribuyeron al \u00e9xito de una jornada marcada por la convivencia, el intercambio cultural y la puesta en valor del patrimonio musical y etnogr\u00e1fico.<\/p>\n<p>El festival culminar\u00e1 este martes con una propuesta que ofrecer\u00e1 al p\u00fablico una muestra de la riqueza y diversidad del folclore, combinando las tradiciones de Extremadura y Canarias en uno de los espacios m\u00e1s emblem\u00e1ticos del casco hist\u00f3rico de Gu\u00eda.<\/p>\n","protected":false},"excerpt":{"rendered":"<p>Noticias, Cultura, Ayuntamiento 03\/08\/2026\u25cf El encuentro reunir\u00e1, a partir de las 21:00 horas, a agrupaciones de C\u00e1ceres y Gran Canaria tras el \u00e9xito de las actividades celebradas este domingo La&hellip;<\/p>\n","protected":false},"author":6,"featured_media":59,"comment_status":"open","ping_status":"open","sticky":false,"template":"","format":"standard","meta":{"wpai_generated_summary":"","wpai_meta_description":"","footnotes":""},"categories":[138],"tags":[],"class_list":["post-58","post","type-post","status-publish","format-standard","has-post-thumbnail","hentry","category-ayuntamiento-de-santa-maria-de-guia"],"_links":{"self":[{"href":"https:\/\/nublo.tv\/index.php\/wp-json\/wp\/v2\/posts\/58","targetHints":{"allow":["GET"]}}],"collection":[{"href":"https:\/\/nublo.tv\/index.php\/wp-json\/wp\/v2\/posts"}],"about":[{"href":"https:\/\/nublo.tv\/index.php\/wp-json\/wp\/v2\/types\/post"}],"author":[{"embeddable":true,"href":"https:\/\/nublo.tv\/index.php\/wp-json\/wp\/v2\/users\/6"}],"replies":[{"embeddable":true,"href":"https:\/\/nublo.tv\/index.php\/wp-json\/wp\/v2\/comments?post=58"}],"version-history":[{"count":1,"href":"https:\/\/nublo.tv\/index.php\/wp-json\/wp\/v2\/posts\/58\/revisions"}],"predecessor-version":[{"id":416,"href":"https:\/\/nublo.tv\/index.php\/wp-json\/wp\/v2\/posts\/58\/revisions\/416"}],"wp:featuredmedia":[{"embeddable":true,"href":"https:\/\/nublo.tv\/index.php\/wp-json\/wp\/v2\/media\/59"}],"wp:attachment":[{"href":"https:\/\/nublo.tv\/index.php\/wp-json\/wp\/v2\/media?parent=58"}],"wp:term":[{"taxonomy":"category","embeddable":true,"href":"https:\/\/nublo.tv\/index.php\/wp-json\/wp\/v2\/categories?post=58"},{"taxonomy":"post_tag","embeddable":true,"href":"https:\/\/nublo.tv\/index.php\/wp-json\/wp\/v2\/tags?post=58"}],"curies":[{"name":"wp","href":"https:\/\/api.w.org\/{rel}","templated":true}]}}