{"id":5807,"date":"2026-08-27T12:27:45","date_gmt":"2026-08-27T11:27:45","guid":{"rendered":"https:\/\/nublo.tv\/?p=5807"},"modified":"2026-08-27T12:27:45","modified_gmt":"2026-08-27T11:27:45","slug":"la-programacion-de-panza-de-burro-encara-la-recta-final-del-verano-con-nuevas-actividades-para-jovenes","status":"publish","type":"post","link":"https:\/\/nublo.tv\/index.php\/2026\/08\/27\/la-programacion-de-panza-de-burro-encara-la-recta-final-del-verano-con-nuevas-actividades-para-jovenes\/","title":{"rendered":"La programaci\u00f3n de &#8216;Panza de Burro&#8217; encara la recta final del verano con nuevas actividades para j\u00f3venes"},"content":{"rendered":"<p><strong>Las Palmas de Gran Canaria acoge la recta final del programa municipal \u00abPanza de Burro 2026\u00bb durante los \u00faltimos d\u00edas de agosto y septiembre, con diversas actividades de ocio, deporte, cultura y mar organizadas por la Concejal\u00eda de Juventud.<\/strong><\/p>\n<p>Las Palmas de Gran Canaria, 27 de agosto de 2026. El Ayuntamiento de Las Palmas de Gran Canaria, a trav\u00e9s de la Concejal\u00eda de Juventud, encara la recta final del verano con nuevas propuestas de &#8216;Panza de Burro 2026&#8217;, el programa municipal dirigido a ofrecer a la poblaci\u00f3n joven alternativas de ocio, deporte, cultura y actividades vinculadas al mar y la naturaleza.<\/p>\n<p>La concejala de Juventud, Carla Campoamor, ha se\u00f1alado que con &#8216;Panza de Burro&#8217; han querido que la juventud de la ciudad cuente durante todo el verano con diferentes alternativas para disfrutar de su tiempo libre, compartir experiencias y descubrir nuevas actividades relacionadas con el deporte, la cultura, la creatividad y el entorno. Campoamor ha a\u00f1adido que la programaci\u00f3n no termina con agosto, ya que durante septiembre continuar\u00e1n ofreciendo nuevas propuestas para seguir generando espacios de encuentro y participaci\u00f3n para la poblaci\u00f3n joven.<\/p>\n<p>Entre las \u00faltimas actividades de agosto se encuentra &#8216;Star Kayak&#8217;, que celebrar\u00e1 este viernes una nueva traves\u00eda nocturna en kayak por la bah\u00eda de Las Canteras y para la que queda disponible una \u00faltima plaza. Asimismo, &#8216;Bugueros Ma\u00f1aneros&#8217; continuar\u00e1 hasta finales de agosto en la zona de La C\u00edcer con actividades vinculadas al deporte y al mar, mientras que &#8216;Ajedrez en La Grada&#8217; mantiene sus encuentros todos los s\u00e1bados en el Espacio Joven Creativo La Grada. La programaci\u00f3n de estos \u00faltimos d\u00edas de agosto incluye tambi\u00e9n &#8216;Oc\u00e9ano en la Lente&#8217;, una experiencia de fotograf\u00eda submarina para acercar a la juventud a la riqueza del entorno marino desde una perspectiva creativa.<\/p>\n<h3>Nuevas propuestas en septiembre<\/h3>\n<p>&#8216;Panza de Burro&#8217; tendr\u00e1 continuidad durante el mes de septiembre con nuevas actividades. Entre ellas se encuentra &#8216;Salto al Atl\u00e1ntico&#8217;, una experiencia de &#8216;coasteering&#8217; que permitir\u00e1 a las personas participantes disfrutar de una actividad de aventura vinculada al entorno costero. El Espacio Joven Creativo La Grada acoger\u00e1 tambi\u00e9n el torneo &#8216;La Grada Spanish Open System&#8217;, una propuesta dedicada al juego de estrategia de &#8216;El Se\u00f1or de los Anillos&#8217;. Durante septiembre, la Concejal\u00eda de Juventud mantendr\u00e1 abierto el plazo de inscripci\u00f3n para participar en el Certamen de Canci\u00f3n de J\u00f3venes Creadores e Int\u00e9rpretes, dirigido a impulsar y dar visibilidad al talento musical joven de Gran Canaria.<\/p>\n<p>Las personas interesadas en participar en las actividades pueden consultar la programaci\u00f3n y formalizar su inscripci\u00f3n a trav\u00e9s de la web de Juventud del Ayuntamiento de Las Palmas de Gran Canaria en la direcci\u00f3n www.actividadesjuventud.laspalmasgc.es.<\/p>\n","protected":false},"excerpt":{"rendered":"<p>El programa municipal mantiene durante los \u00faltimos d\u00edas de agosto actividades vinculadas al mar, el deporte y el ocio, con las \u00faltimas plazas disponibles en algunas de sus propuestas La&hellip;<\/p>\n","protected":false},"author":1,"featured_media":5810,"comment_status":"open","ping_status":"open","sticky":false,"template":"","format":"standard","meta":{"wpai_generated_summary":"","wpai_meta_description":"","footnotes":""},"categories":[132],"tags":[],"class_list":["post-5807","post","type-post","status-publish","format-standard","has-post-thumbnail","hentry","category-ayuntamiento-de-las-palmas-de-gran-canaria"],"_links":{"self":[{"href":"https:\/\/nublo.tv\/index.php\/wp-json\/wp\/v2\/posts\/5807","targetHints":{"allow":["GET"]}}],"collection":[{"href":"https:\/\/nublo.tv\/index.php\/wp-json\/wp\/v2\/posts"}],"about":[{"href":"https:\/\/nublo.tv\/index.php\/wp-json\/wp\/v2\/types\/post"}],"author":[{"embeddable":true,"href":"https:\/\/nublo.tv\/index.php\/wp-json\/wp\/v2\/users\/1"}],"replies":[{"embeddable":true,"href":"https:\/\/nublo.tv\/index.php\/wp-json\/wp\/v2\/comments?post=5807"}],"version-history":[{"count":2,"href":"https:\/\/nublo.tv\/index.php\/wp-json\/wp\/v2\/posts\/5807\/revisions"}],"predecessor-version":[{"id":5811,"href":"https:\/\/nublo.tv\/index.php\/wp-json\/wp\/v2\/posts\/5807\/revisions\/5811"}],"wp:featuredmedia":[{"embeddable":true,"href":"https:\/\/nublo.tv\/index.php\/wp-json\/wp\/v2\/media\/5810"}],"wp:attachment":[{"href":"https:\/\/nublo.tv\/index.php\/wp-json\/wp\/v2\/media?parent=5807"}],"wp:term":[{"taxonomy":"category","embeddable":true,"href":"https:\/\/nublo.tv\/index.php\/wp-json\/wp\/v2\/categories?post=5807"},{"taxonomy":"post_tag","embeddable":true,"href":"https:\/\/nublo.tv\/index.php\/wp-json\/wp\/v2\/tags?post=5807"}],"curies":[{"name":"wp","href":"https:\/\/api.w.org\/{rel}","templated":true}]}}