{"id":5950,"date":"2026-08-27T12:58:45","date_gmt":"2026-08-27T11:58:45","guid":{"rendered":"https:\/\/nublo.tv\/?p=5950"},"modified":"2026-08-27T12:58:45","modified_gmt":"2026-08-27T11:58:45","slug":"el-ayuntamiento-celebra-este-viernes-en-las-chumberas-el-ultimo-encuentro-de-parque-aventura","status":"publish","type":"post","link":"https:\/\/nublo.tv\/index.php\/2026\/08\/27\/el-ayuntamiento-celebra-este-viernes-en-las-chumberas-el-ultimo-encuentro-de-parque-aventura\/","title":{"rendered":"El Ayuntamiento celebra este viernes en Las Chumberas el \u00faltimo encuentro de &#8216;Parque Aventura&#8217;"},"content":{"rendered":"<p><strong>El Ayuntamiento de Las Palmas de Gran Canaria clausura este viernes, 28 de agosto de 2026, el programa estival \u2018Parque Aventura\u2019 en la plaza Escultor Eduardo Gregorio, situada en el barrio de Las Chumberas, con una \u00faltima jornada gratuita de juegos, talleres y animaci\u00f3n dirigida a ni\u00f1os y ni\u00f1as de hasta 12 a\u00f1os y a sus familias, en horario de 17:30 a 19:30 horas.<\/strong><\/p>\n<p>Las Palmas de Gran Canaria, 27 de agosto de 2026. El Ayuntamiento de Las Palmas de Gran Canaria, a trav\u00e9s de la Concejal\u00eda del Distrito Ciudad Alta, pone fin este viernes al programa de actividades de verano \u2018Parque Aventura\u2019. Durante los meses de julio y agosto, esta iniciativa ha recorrido seis plazas y espacios p\u00fablicos del distrito con propuestas gratuitas de ocio, juego y animaci\u00f3n dirigidas a la poblaci\u00f3n infantil y sus familias.<\/p>\n<p>La \u00faltima cita se celebrar\u00e1 en la plaza Escultor Eduardo Gregorio, en el barrio de Las Chumberas, de 17:30 a 19:30 horas. La jornada incluir\u00e1 juegos, talleres y diferentes propuestas de animaci\u00f3n dirigidas a ni\u00f1os y ni\u00f1as de hasta 12 a\u00f1os, que podr\u00e1n participar de forma gratuita junto a sus familias.<\/p>\n<p>El programa, puesto en marcha a comienzos de julio, ha acercado actividades de ocio a distintos barrios de Ciudad Alta con el objetivo de favorecer el uso y disfrute de los espacios p\u00fablicos durante el periodo estival y generar puntos de encuentro para la infancia y las familias.<\/p>\n<p>La concejala del Distrito Ciudad Alta, Betsaida Gonz\u00e1lez, ha destacado que con esta \u00faltima jornada se pone el cierre a un programa que ha permitido llevar actividades gratuitas a distintos barrios de Ciudad Alta y ofrecer a los ni\u00f1os y ni\u00f1as alternativas de ocio y diversi\u00f3n durante el verano sin necesidad de salir de sus propios barrios.<\/p>\n<p>Gonz\u00e1lez ha se\u00f1alado que se busca que las plazas y espacios p\u00fablicos sean lugares vivos, de encuentro y convivencia, especialmente durante los meses de verano, y que \u2018Parque Aventura\u2019 ha permitido compartir estos espacios con las familias y acercar propuestas de ocio accesibles a diferentes zonas del distrito.<\/p>\n<p>Asimismo, la concejala ha animado a las familias de Las Chumberas y de los barrios cercanos a participar en esta \u00faltima jornada de \u2018Parque Aventura\u2019 en la Plaza Escultor Eduardo Gregorio.<\/p>\n","protected":false},"excerpt":{"rendered":"<p>La actividad gratuita tendr\u00e1 lugar de 17:30 a 19:30 horas en la plaza Escultor Eduardo Gregorio e incluir\u00e1 juegos, talleres y propuestas de animaci\u00f3n para ni\u00f1os y ni\u00f1as de hasta&hellip;<\/p>\n","protected":false},"author":1,"featured_media":6052,"comment_status":"open","ping_status":"open","sticky":false,"template":"","format":"standard","meta":{"wpai_generated_summary":"","wpai_meta_description":"","footnotes":""},"categories":[132],"tags":[],"class_list":["post-5950","post","type-post","status-publish","format-standard","has-post-thumbnail","hentry","category-ayuntamiento-de-las-palmas-de-gran-canaria"],"_links":{"self":[{"href":"https:\/\/nublo.tv\/index.php\/wp-json\/wp\/v2\/posts\/5950","targetHints":{"allow":["GET"]}}],"collection":[{"href":"https:\/\/nublo.tv\/index.php\/wp-json\/wp\/v2\/posts"}],"about":[{"href":"https:\/\/nublo.tv\/index.php\/wp-json\/wp\/v2\/types\/post"}],"author":[{"embeddable":true,"href":"https:\/\/nublo.tv\/index.php\/wp-json\/wp\/v2\/users\/1"}],"replies":[{"embeddable":true,"href":"https:\/\/nublo.tv\/index.php\/wp-json\/wp\/v2\/comments?post=5950"}],"version-history":[{"count":2,"href":"https:\/\/nublo.tv\/index.php\/wp-json\/wp\/v2\/posts\/5950\/revisions"}],"predecessor-version":[{"id":6053,"href":"https:\/\/nublo.tv\/index.php\/wp-json\/wp\/v2\/posts\/5950\/revisions\/6053"}],"wp:featuredmedia":[{"embeddable":true,"href":"https:\/\/nublo.tv\/index.php\/wp-json\/wp\/v2\/media\/6052"}],"wp:attachment":[{"href":"https:\/\/nublo.tv\/index.php\/wp-json\/wp\/v2\/media?parent=5950"}],"wp:term":[{"taxonomy":"category","embeddable":true,"href":"https:\/\/nublo.tv\/index.php\/wp-json\/wp\/v2\/categories?post=5950"},{"taxonomy":"post_tag","embeddable":true,"href":"https:\/\/nublo.tv\/index.php\/wp-json\/wp\/v2\/tags?post=5950"}],"curies":[{"name":"wp","href":"https:\/\/api.w.org\/{rel}","templated":true}]}}