{"id":60,"date":"2026-08-04T17:32:54","date_gmt":"2026-08-04T16:32:54","guid":{"rendered":"https:\/\/nublo.tv\/?p=60"},"modified":"2026-08-04T17:32:54","modified_gmt":"2026-08-04T16:32:54","slug":"la-plaza-grande-vibro-con-seis-horas-de-musica-en-directo-en-el-de-tardeo-en-guia","status":"publish","type":"post","link":"https:\/\/nublo.tv\/index.php\/2026\/08\/04\/la-plaza-grande-vibro-con-seis-horas-de-musica-en-directo-en-el-de-tardeo-en-guia\/","title":{"rendered":"La Plaza Grande vibr\u00f3 con seis horas de m\u00fasica en directo en el \u2018De Tardeo en Gu\u00eda\u2019"},"content":{"rendered":"<p>La Plaza Grande de Gu\u00eda se convirti\u00f3, este domingo, en el gran punto de encuentro de vecinos y visitantes con la celebraci\u00f3n de \u00abDe Tardeo en Gu\u00eda\u00bb, una de las citas musicales del programa de las Fiestas de la Virgen 2026, que reuni\u00f3 a cientos de personas desde las seis de la tarde hasta la medianoche para disfrutar de un amplio y animado repertorio musical.<\/p>\n<p>El p\u00fablico disfrut\u00f3 de seis horas ininterrumpidas de m\u00fasica en directo con las actuaciones de Maldita EGB, Los 600 y Cuenta Atr\u00e1s, tres formaciones que hicieron cantar y bailar a los asistentes con los grandes \u00e9xitos nacionales e internacionales desde los 80, los 90 hasta la m\u00fasica m\u00e1s actual.<\/p>\n<p>La sorpresa del d\u00eda lleg\u00f3 de la mano del cantante guiense Adri\u00e1n Montesdeoca, conocido art\u00edsticamente como Drazel, quien present\u00f3 en primicia su nuevo single, \u2018Tu Fotograf\u00eda\u2019. El estreno estuvo acompa\u00f1ado por la proyecci\u00f3n del videoclip oficial de la canci\u00f3n, grabado \u00edntegramente en diferentes enclaves del casco hist\u00f3rico de Gu\u00eda, despertando una c\u00e1lida ovaci\u00f3n entre el p\u00fablico, que reconoci\u00f3 en las im\u00e1genes algunos de los rincones m\u00e1s emblem\u00e1ticos del municipio y muchas caras conocidas.<\/p>\n<p>La banda Maldita EGB fue la encargada de abrir la jornada con un espect\u00e1culo cargado de nostalgia, recorriendo los \u00e9xitos que marcaron a una generaci\u00f3n entera, con temas de los Rebeldes, Loquillo y Los Trogloditas, Los Rodriguez y muchos nombres que hicieron de los 80 una d\u00e9cada m\u00edtica. A continuaci\u00f3n, Los 600 mantuvieron el ritmo de la celebraci\u00f3n con un repertorio lleno de energ\u00eda con sus versiones de Sergio Dalma, la Oreja de Van Gogh, El Canto del Loco, y otros grupos y solistas de finales del siglo XX. Cuenta Atr\u00e1s, el grupo que cerr\u00f3 esta primera edici\u00f3n de \u2018De Tardeo en Gu\u00eda\u2019, puso el broche final a un evento que cierra con \u00e9xito total de p\u00fablico y ambiente.<\/p>\n<p>El alcalde de Gu\u00eda, Alfredo Gon\u00e7alves Ferreira, mostr\u00f3 su satisfacci\u00f3n por la magn\u00edfica acogida y destac\u00f3 que \u00ablas Fiestas de la Virgen est\u00e1n hechas para disfrutarlas en la calle, compartiendo espacios, m\u00fasica y momentos con familiares, amigos y vecinos. Adem\u00e1s, todas estas actividades son gratuitas porque queremos que cualquier persona pueda participar y sentirse parte de ellas. Eso es precisamente lo que nos une como pueblo y lo que hace tan especiales nuestras Fiestas\u00bb y aprovech\u00f3 para invitar a la ciudadan\u00eda y todas las personas que visitan Gu\u00eda cada a\u00f1o con motivo de las Fiestas de la Virgen \u00aba que vengan a Gu\u00eda, a que disfruten las Fiestas de Gu\u00eda, porque esto d\u00edas los hacemos grandes entre todos\u00bb.<\/p>\n<p>El programa de actos contin\u00faa hasta el pr\u00f3ximo d\u00eda 29 de agosto con actividades y espectaculos infantiles, musicales y los eventos m\u00e1s emblem\u00e1ticos de estas Fiestas.<\/p>\n<p><i class=\"x-icon-tags\" data-x-icon-s=\"\uf02c\"><\/i>Etiquetas:<a href=\"https:\/\/santamariadeguia.es\/tag\/fiestas-de-la-virgen\/\" rel=\"tag\">Fiestas de la Virgen<\/a>, <a href=\"https:\/\/santamariadeguia.es\/tag\/fiestas-de-la-virgen-2026\/\" rel=\"tag\">Fiestas de la Virgen 2026<\/a>, <a href=\"https:\/\/santamariadeguia.es\/tag\/drazel\/\" rel=\"tag\">Drazel<\/a>, <a href=\"https:\/\/santamariadeguia.es\/tag\/cuenta-atras\/\" rel=\"tag\">Cuenta Atr\u00e1s<\/a>, <a href=\"https:\/\/santamariadeguia.es\/tag\/maldita-egb\/\" rel=\"tag\">Maldita EGB<\/a>, <a href=\"https:\/\/santamariadeguia.es\/tag\/ayuntamiento-de-santa-maria-de-guia\/\" rel=\"tag\">Ayuntamiento de Santa Mar\u00eda de Gu\u00eda<\/a>, <a href=\"https:\/\/santamariadeguia.es\/tag\/alfredo-goncalves\/\" rel=\"tag\">Alfredo Gon\u00e7alves<\/a>, <a href=\"https:\/\/santamariadeguia.es\/tag\/guia-de-gran-canaria\/\" rel=\"tag\">Gu\u00eda de Gran Canaria<\/a>, <a href=\"https:\/\/santamariadeguia.es\/tag\/los-600\/\" rel=\"tag\">Los 600<\/a>, <a href=\"https:\/\/santamariadeguia.es\/tag\/festejos\/\" rel=\"tag\">Festejos<\/a><\/p>\n","protected":false},"excerpt":{"rendered":"<p>La Plaza Grande de Gu\u00eda se convirti\u00f3, este domingo, en el gran punto de encuentro de vecinos y visitantes con la celebraci\u00f3n de \u00abDe Tardeo en Gu\u00eda\u00bb, una de las&hellip;<\/p>\n","protected":false},"author":6,"featured_media":61,"comment_status":"open","ping_status":"open","sticky":false,"template":"","format":"standard","meta":{"wpai_generated_summary":"","wpai_meta_description":"","footnotes":""},"categories":[138],"tags":[],"class_list":["post-60","post","type-post","status-publish","format-standard","has-post-thumbnail","hentry","category-ayuntamiento-de-santa-maria-de-guia"],"_links":{"self":[{"href":"https:\/\/nublo.tv\/index.php\/wp-json\/wp\/v2\/posts\/60","targetHints":{"allow":["GET"]}}],"collection":[{"href":"https:\/\/nublo.tv\/index.php\/wp-json\/wp\/v2\/posts"}],"about":[{"href":"https:\/\/nublo.tv\/index.php\/wp-json\/wp\/v2\/types\/post"}],"author":[{"embeddable":true,"href":"https:\/\/nublo.tv\/index.php\/wp-json\/wp\/v2\/users\/6"}],"replies":[{"embeddable":true,"href":"https:\/\/nublo.tv\/index.php\/wp-json\/wp\/v2\/comments?post=60"}],"version-history":[{"count":1,"href":"https:\/\/nublo.tv\/index.php\/wp-json\/wp\/v2\/posts\/60\/revisions"}],"predecessor-version":[{"id":466,"href":"https:\/\/nublo.tv\/index.php\/wp-json\/wp\/v2\/posts\/60\/revisions\/466"}],"wp:featuredmedia":[{"embeddable":true,"href":"https:\/\/nublo.tv\/index.php\/wp-json\/wp\/v2\/media\/61"}],"wp:attachment":[{"href":"https:\/\/nublo.tv\/index.php\/wp-json\/wp\/v2\/media?parent=60"}],"wp:term":[{"taxonomy":"category","embeddable":true,"href":"https:\/\/nublo.tv\/index.php\/wp-json\/wp\/v2\/categories?post=60"},{"taxonomy":"post_tag","embeddable":true,"href":"https:\/\/nublo.tv\/index.php\/wp-json\/wp\/v2\/tags?post=60"}],"curies":[{"name":"wp","href":"https:\/\/api.w.org\/{rel}","templated":true}]}}