{"id":62,"date":"2026-08-04T17:37:06","date_gmt":"2026-08-04T16:37:06","guid":{"rendered":"https:\/\/nublo.tv\/?p=62"},"modified":"2026-08-04T17:37:06","modified_gmt":"2026-08-04T16:37:06","slug":"galdar-comienza-el-refuerzo-de-las-tareas-de-desbroce-de-los-caminos-agricolas","status":"publish","type":"post","link":"https:\/\/nublo.tv\/index.php\/2026\/08\/04\/galdar-comienza-el-refuerzo-de-las-tareas-de-desbroce-de-los-caminos-agricolas\/","title":{"rendered":"G\u00e1ldar comienza el refuerzo de las tareas de desbroce de los caminos agr\u00edcolas"},"content":{"rendered":"<p>El Ayuntamiento de G\u00e1ldar, a trav\u00e9s de la Concejal\u00eda de Limpieza Viaria, que dirige Antonia Moreno, ha comenzado este lunes el refuerzo de las tareas de desbroce de los caminos agr\u00edcolas del municipio con el objetivo de mejorar la seguridad, la accesibilidad y el estado de estas v\u00edas.<\/p>\n<p>Los trabajos se han iniciado en la carretera de El Agujero, en el tramo comprendido entre la carretera general de Sardina (GC-202) y hacia Bocabarranco, y continuar\u00e1n de forma progresiva por el resto de los barrios costeros del municipio.<\/p>\n<p>Estas labores se desarrollan a trav\u00e9s de un contrato que el Ayuntamiento ha firmado con la empresa Canaragua y permiten actuar sobre la vegetaci\u00f3n que invade los m\u00e1rgenes de los caminos, mejorando tanto la visibilidad como las condiciones de paso para veh\u00edculos y peatones.<\/p>\n<p>Asimismo, el Consistorio reforzar\u00e1 en los pr\u00f3ximos d\u00edas estas tareas con la incorporaci\u00f3n del programa de Fomento del Empleo Agrario en Zonas Agrarias Deprimidas, un convenio con la financiaci\u00f3n del Ministerio de Trabajo y Asuntos Sociales y Econom\u00eda Social (SEPE: Servicio P\u00fablico de Empleo Estatal), lo que permitir\u00e1 ampliar los recursos humanos destinados a los trabajos de desbroce y extender las actuaciones a un mayor n\u00famero de caminos y espacios rurales del municipio.<\/p>\n","protected":false},"excerpt":{"rendered":"<p>El Ayuntamiento de G\u00e1ldar, a trav\u00e9s de la Concejal\u00eda de Limpieza Viaria, que dirige Antonia Moreno, ha comenzado este lunes el refuerzo de las tareas de desbroce de los caminos&hellip;<\/p>\n","protected":false},"author":2,"featured_media":63,"comment_status":"open","ping_status":"open","sticky":false,"template":"","format":"standard","meta":{"wpai_generated_summary":"","wpai_meta_description":"","footnotes":""},"categories":[129],"tags":[],"class_list":["post-62","post","type-post","status-publish","format-standard","has-post-thumbnail","hentry","category-ayuntamiento-de-galdar"],"_links":{"self":[{"href":"https:\/\/nublo.tv\/index.php\/wp-json\/wp\/v2\/posts\/62","targetHints":{"allow":["GET"]}}],"collection":[{"href":"https:\/\/nublo.tv\/index.php\/wp-json\/wp\/v2\/posts"}],"about":[{"href":"https:\/\/nublo.tv\/index.php\/wp-json\/wp\/v2\/types\/post"}],"author":[{"embeddable":true,"href":"https:\/\/nublo.tv\/index.php\/wp-json\/wp\/v2\/users\/2"}],"replies":[{"embeddable":true,"href":"https:\/\/nublo.tv\/index.php\/wp-json\/wp\/v2\/comments?post=62"}],"version-history":[{"count":1,"href":"https:\/\/nublo.tv\/index.php\/wp-json\/wp\/v2\/posts\/62\/revisions"}],"predecessor-version":[{"id":561,"href":"https:\/\/nublo.tv\/index.php\/wp-json\/wp\/v2\/posts\/62\/revisions\/561"}],"wp:featuredmedia":[{"embeddable":true,"href":"https:\/\/nublo.tv\/index.php\/wp-json\/wp\/v2\/media\/63"}],"wp:attachment":[{"href":"https:\/\/nublo.tv\/index.php\/wp-json\/wp\/v2\/media?parent=62"}],"wp:term":[{"taxonomy":"category","embeddable":true,"href":"https:\/\/nublo.tv\/index.php\/wp-json\/wp\/v2\/categories?post=62"},{"taxonomy":"post_tag","embeddable":true,"href":"https:\/\/nublo.tv\/index.php\/wp-json\/wp\/v2\/tags?post=62"}],"curies":[{"name":"wp","href":"https:\/\/api.w.org\/{rel}","templated":true}]}}