{"id":64,"date":"2026-08-04T17:32:54","date_gmt":"2026-08-04T16:32:54","guid":{"rendered":"https:\/\/nublo.tv\/?p=64"},"modified":"2026-08-04T17:32:54","modified_gmt":"2026-08-04T16:32:54","slug":"el-ayuntamiento-de-guia-suspende-la-feria-de-ganado-prevista-para-manana-por-la-alerta-por-altas-temperaturas","status":"publish","type":"post","link":"https:\/\/nublo.tv\/index.php\/2026\/08\/04\/el-ayuntamiento-de-guia-suspende-la-feria-de-ganado-prevista-para-manana-por-la-alerta-por-altas-temperaturas\/","title":{"rendered":"El Ayuntamiento de Gu\u00eda suspende la feria de ganado prevista para ma\u00f1ana por la alerta por altas temperaturas"},"content":{"rendered":"<p><span lang=\"EN-GB\">El Ayuntamiento de Gu\u00eda ha acordado suspender la feria de ganado prevista para ma\u00f1ana, domingo, dentro del programa de actos de las Fiestas de la Virgen, como medida preventiva ante la alerta declarada por altas temperaturas.<\/span><\/p>\n<p><span lang=\"EN-GB\">Aunque el recinto no se encuentra situado por encima de los 400 metros de altitud, donde se concentra el mayor nivel de riesgo, la decisi\u00f3n responde a la necesidad de proteger el bienestar de los animales que participan, ya que la mayor\u00eda procede de las zonas altas del municipio y podr\u00edan verse expuestos a las elevadas temperaturas durante su traslado y permanencia en la explanada del pabell\u00f3n Beatriz Mendoza Rivero.<\/span><\/p>\n<p><span lang=\"EN-GB\">Desde el Ayuntamiento, la concejal de Sector Primario, Alejandra Garc\u00eda, explica que \u00abla seguridad y el bienestar de los animales deben prevalecer ante cualquier otra consideraci\u00f3n. La situaci\u00f3n meteorol\u00f3gica aconseja actuar con prudencia para evitar cualquier riesgo derivado de las altas temperaturas\u00bb.<\/span><\/p>\n<p><span lang=\"EN-GB\">El alcalde de Gu\u00eda, Alfredo Gon\u00e7alves Ferreira, agradece \u00abla comprensi\u00f3n de los ganaderos, vecinas y vecinos y visitantes ante esta decisi\u00f3n adoptada por el bienestar de los animales y que atienda a recomendaciones de las autoridades competentes en materia de Emergencias\u00bb.<\/span><\/p>\n<p><span lang=\"EN-GB\">El resto de los actos previstos en el casco se desarrollar\u00e1n seg\u00fan lo previsto en el programa, como el evento De Tardeo en Gu\u00eda, que tendr\u00e1 lugar en la Plaza Grande a partir de las 18:00 horas.<\/span><\/p>\n<p><i class=\"x-icon-tags\" data-x-icon-s=\"\uf02c\"><\/i>Etiquetas:<a href=\"https:\/\/santamariadeguia.es\/tag\/santa-maria-de-guia\/\" rel=\"tag\">Santa Mar\u00eda de Gu\u00eda<\/a>, <a href=\"https:\/\/santamariadeguia.es\/tag\/ayuntamiento-de-santa-maria-de-guia\/\" rel=\"tag\">Ayuntamiento de Santa Mar\u00eda de Gu\u00eda<\/a>, <a href=\"https:\/\/santamariadeguia.es\/tag\/sector-primario\/\" rel=\"tag\">Sector Primario<\/a>, <a href=\"https:\/\/santamariadeguia.es\/tag\/alfredo-goncalves\/\" rel=\"tag\">Alfredo Gon\u00e7alves<\/a>, <a href=\"https:\/\/santamariadeguia.es\/tag\/guia-de-gran-canaria\/\" rel=\"tag\">Gu\u00eda de Gran Canaria<\/a>, <a href=\"https:\/\/santamariadeguia.es\/tag\/feria-de-ganado\/\" rel=\"tag\">Feria de Ganado<\/a>, <a href=\"https:\/\/santamariadeguia.es\/tag\/alejandra-garcia\/\" rel=\"tag\">Alejandra Garc\u00eda<\/a><\/p>\n","protected":false},"excerpt":{"rendered":"<p>El Ayuntamiento de Gu\u00eda ha acordado suspender la feria de ganado prevista para ma\u00f1ana, domingo, dentro del programa de actos de las Fiestas de la Virgen, como medida preventiva ante&hellip;<\/p>\n","protected":false},"author":6,"featured_media":65,"comment_status":"open","ping_status":"open","sticky":false,"template":"","format":"standard","meta":{"wpai_generated_summary":"","wpai_meta_description":"","footnotes":""},"categories":[138],"tags":[],"class_list":["post-64","post","type-post","status-publish","format-standard","has-post-thumbnail","hentry","category-ayuntamiento-de-santa-maria-de-guia"],"_links":{"self":[{"href":"https:\/\/nublo.tv\/index.php\/wp-json\/wp\/v2\/posts\/64","targetHints":{"allow":["GET"]}}],"collection":[{"href":"https:\/\/nublo.tv\/index.php\/wp-json\/wp\/v2\/posts"}],"about":[{"href":"https:\/\/nublo.tv\/index.php\/wp-json\/wp\/v2\/types\/post"}],"author":[{"embeddable":true,"href":"https:\/\/nublo.tv\/index.php\/wp-json\/wp\/v2\/users\/6"}],"replies":[{"embeddable":true,"href":"https:\/\/nublo.tv\/index.php\/wp-json\/wp\/v2\/comments?post=64"}],"version-history":[{"count":1,"href":"https:\/\/nublo.tv\/index.php\/wp-json\/wp\/v2\/posts\/64\/revisions"}],"predecessor-version":[{"id":471,"href":"https:\/\/nublo.tv\/index.php\/wp-json\/wp\/v2\/posts\/64\/revisions\/471"}],"wp:featuredmedia":[{"embeddable":true,"href":"https:\/\/nublo.tv\/index.php\/wp-json\/wp\/v2\/media\/65"}],"wp:attachment":[{"href":"https:\/\/nublo.tv\/index.php\/wp-json\/wp\/v2\/media?parent=64"}],"wp:term":[{"taxonomy":"category","embeddable":true,"href":"https:\/\/nublo.tv\/index.php\/wp-json\/wp\/v2\/categories?post=64"},{"taxonomy":"post_tag","embeddable":true,"href":"https:\/\/nublo.tv\/index.php\/wp-json\/wp\/v2\/tags?post=64"}],"curies":[{"name":"wp","href":"https:\/\/api.w.org\/{rel}","templated":true}]}}