{"id":66,"date":"2026-08-04T17:37:06","date_gmt":"2026-08-04T16:37:06","guid":{"rendered":"https:\/\/nublo.tv\/?p=66"},"modified":"2026-08-04T17:37:06","modified_gmt":"2026-08-04T16:37:06","slug":"el-mercado-agricola-vuelve-a-triunfar-en-el-marco-de-las-fiestas-mayores-de-santiago","status":"publish","type":"post","link":"https:\/\/nublo.tv\/index.php\/2026\/08\/04\/el-mercado-agricola-vuelve-a-triunfar-en-el-marco-de-las-fiestas-mayores-de-santiago\/","title":{"rendered":"El Mercado Agr\u00edcola vuelve a triunfar en el marco de las Fiestas Mayores de Santiago"},"content":{"rendered":"<p>El entorno de la Plaza de Santiago acogi\u00f3 este domingo 26 de julio una nueva edici\u00f3n del Mercado Agr\u00edcola, que se celebr\u00f3 en el lateral de la Plaza de Santiago situado junto a la Casa Parroquial debido a los diferentes eventos programados con motivo de las Fiestas Mayores de Santiago. <\/p>\n<p>La intensa programaci\u00f3n festiva y la gran afluencia de vecinos y visitantes al casco hist\u00f3rico durante la jornada propiciaron una destacada respuesta del p\u00fablico, que volvi\u00f3 a respaldar esta cita con el producto local. Los puestos registraron un elevado n\u00famero de compras a lo largo de la ma\u00f1ana, consolidando una vez m\u00e1s el Mercado Agr\u00edcola como un espacio de referencia quincenal para el consumo de productos de cercan\u00eda y el apoyo al sector primario de la Isla.<\/p>\n<p>Durante la jornada, el p\u00fablico pudo acceder a una amplia oferta de productos del sector primario y de elaboraci\u00f3n artesanal de la Isla, entre los que destacaron frutas, verduras de temporada, quesos, miel, pan, dulces y otras producciones locales.<\/p>\n<p>Adem\u00e1s, esta edici\u00f3n volvi\u00f3 a contar con un desayuno de degustaci\u00f3n preparado por el alumnado de los Programas de Formaci\u00f3n en Alternancia con el Empleo (PFAE) de Restauraci\u00f3n y Cocina, financiados por el Servicio Canario de Empleo, que se desarrollan en el Centro de Formaci\u00f3n Municipal. Dichas elaboraciones se preparan con productos adquiridos directamente en los puestos del mercado.<\/p>\n<p>El Mercado Agr\u00edcola est\u00e1 organizado por la Concejal\u00eda de Desarrollo Socioecon\u00f3mico del Ayuntamiento de G\u00e1ldar, que dirige Tine Mar\u00edn Ojeda, y la Asociaci\u00f3n de Mercados Agr\u00edcolas de Gran Canaria, y cuenta con la colaboraci\u00f3n de la Consejer\u00eda de Sector Primario, Soberan\u00eda Alimentaria y Seguridad H\u00eddrica del Cabildo de Gran Canaria.<\/p>\n","protected":false},"excerpt":{"rendered":"<p>El entorno de la Plaza de Santiago acogi\u00f3 este domingo 26 de julio una nueva edici\u00f3n del Mercado Agr\u00edcola, que se celebr\u00f3 en el lateral de la Plaza de Santiago&hellip;<\/p>\n","protected":false},"author":2,"featured_media":67,"comment_status":"open","ping_status":"open","sticky":false,"template":"","format":"standard","meta":{"wpai_generated_summary":"","wpai_meta_description":"","footnotes":""},"categories":[129],"tags":[],"class_list":["post-66","post","type-post","status-publish","format-standard","has-post-thumbnail","hentry","category-ayuntamiento-de-galdar"],"_links":{"self":[{"href":"https:\/\/nublo.tv\/index.php\/wp-json\/wp\/v2\/posts\/66","targetHints":{"allow":["GET"]}}],"collection":[{"href":"https:\/\/nublo.tv\/index.php\/wp-json\/wp\/v2\/posts"}],"about":[{"href":"https:\/\/nublo.tv\/index.php\/wp-json\/wp\/v2\/types\/post"}],"author":[{"embeddable":true,"href":"https:\/\/nublo.tv\/index.php\/wp-json\/wp\/v2\/users\/2"}],"replies":[{"embeddable":true,"href":"https:\/\/nublo.tv\/index.php\/wp-json\/wp\/v2\/comments?post=66"}],"version-history":[{"count":1,"href":"https:\/\/nublo.tv\/index.php\/wp-json\/wp\/v2\/posts\/66\/revisions"}],"predecessor-version":[{"id":566,"href":"https:\/\/nublo.tv\/index.php\/wp-json\/wp\/v2\/posts\/66\/revisions\/566"}],"wp:featuredmedia":[{"embeddable":true,"href":"https:\/\/nublo.tv\/index.php\/wp-json\/wp\/v2\/media\/67"}],"wp:attachment":[{"href":"https:\/\/nublo.tv\/index.php\/wp-json\/wp\/v2\/media?parent=66"}],"wp:term":[{"taxonomy":"category","embeddable":true,"href":"https:\/\/nublo.tv\/index.php\/wp-json\/wp\/v2\/categories?post=66"},{"taxonomy":"post_tag","embeddable":true,"href":"https:\/\/nublo.tv\/index.php\/wp-json\/wp\/v2\/tags?post=66"}],"curies":[{"name":"wp","href":"https:\/\/api.w.org\/{rel}","templated":true}]}}