{"id":671,"date":"2026-08-04T18:57:39","date_gmt":"2026-08-04T17:57:39","guid":{"rendered":"https:\/\/nublo.tv\/?p=671"},"modified":"2026-08-11T13:00:51","modified_gmt":"2026-08-11T12:00:51","slug":"el-cabildo-de-gran-canaria-ofrece-una-visita-virtual-que-sumerge-a-la-ciudadania-en-la-cueva-de-los-candiles-con-una-perspectiva-de-genero","status":"publish","type":"post","link":"https:\/\/nublo.tv\/index.php\/2026\/08\/04\/el-cabildo-de-gran-canaria-ofrece-una-visita-virtual-que-sumerge-a-la-ciudadania-en-la-cueva-de-los-candiles-con-una-perspectiva-de-genero\/","title":{"rendered":"El Cabildo de Gran Canaria ofrece una visita virtual que sumerge a la ciudadani\u0301a en la Cueva de Los Candiles con una perspectiva de ge\u0301nero"},"content":{"rendered":"<p>El Cabildo de Gran Canaria ofrece una visita virtual que sumerge a la ciudadan\u00eda en la Cueva de Los Candiles con una perspectiva de g\u00e9nero<\/p>\n<p>Propone nuevas lecturas sobre la sociedad ind\u00edgena a partir del estudio de las representaciones femeninas y las relaciones de g\u00e9nero<\/p>\n<p>La propuesta del Servicio de Patrimonio Hist\u00f3rico informa tambi\u00e9n de los \u00faltimos estudios de investigaci\u00f3n y las tareas de conservaci\u00f3n<\/p>\n<p>La cavidad conserva uno de los conjuntos rupestres m\u00e1s singulares de la isla: m\u00e1s de 300 grabados, sobre todo tri\u00e1ngulos invertidos<\/p>\n<p>Gran Canaria, 4 de agosto de 2026 \u2013 El Servicio de Patrimonio Hist\u00f3rico del Cabildo de Gran Canaria ofrece una visita virtual a la Cueva de Los Candiles que ampl\u00eda el alcance de los recorridos guiados que tuvieron lugar en marzo de 2026 y ofrece una nueva forma de acercarse al espacio con el objetivo de informar a la ciudadan\u00eda de las nuevas investigaciones sobre las sociedades ind\u00edgenas de la isla desde una perspectiva de g\u00e9nero.<\/p>\n<p>La iniciativa forma parte del Programa de Visitas Guiadas del Servicio de Patrimonio Hist\u00f3rico, adscrita al \u00c1rea de Presidencia y Movilidad Sostenible que coordina el consejero Teodoro Sosa, y cuyas actividades y pr\u00f3ximas propuestas pueden consultarse en visitaspatrimonio.grancanaria.com.<\/p>\n<p>La acci\u00f3n \u2018La Cueva de los Candiles: nuevas miradas para interpretar y conservar un espacio excepcional\u2019 permite adentrarse en los secretos del yacimiento, especialmente relevante y situado en un enclave cuyo acceso est\u00e1 condicionado por una orograf\u00eda compleja y por las condiciones meteorol\u00f3gicas. El formato audiovisual permite as\u00ed hacer accesibles el espacio, las investigaciones y los trabajos de conservaci\u00f3n a toda la ciudadan\u00eda interesada en conocer este patrimonio cultural en el enlace https:\/\/youtu.be\/3AkVNrSQhZ4?si=Uc-fyRJzuu3F1L-7<\/p>\n<p>De la mano de las investigadoras Ver\u00f3nica Alberto Barroso, arque\u00f3loga especializada en bioantropolog\u00eda, Teresa Delgado Darias, t\u00e9cnica de El Museo Canario, y Cristina Ojeda, conservadora y restauradora de bienes culturales, la poblaci\u00f3n puede acercarse a la Cueva de los Candiles desde su contexto hist\u00f3rico y cultural.<\/p>\n<p>La producci\u00f3n pone sus centenares de representaciones p\u00fabicas en di\u00e1logo con otras evidencias arqueol\u00f3gicas, como las figurillas de barro procedentes de contextos dom\u00e9sticos, para reflexionar sobre el cuerpo femenino, los ciclos de la vida, la gestaci\u00f3n, las relaciones de g\u00e9nero y el universo simb\u00f3lico de las comunidades ind\u00edgenas de Gran Canaria.<\/p>\n<p>Adem\u00e1s, se informa tambi\u00e9n de c\u00f3mo nuevas investigaciones, como el proyecto SEVIOCAN, impulsado por El Museo Canario, posibilitan revisar las fuentes etnohist\u00f3ricas y formular nuevas preguntas sobre pr\u00e1cticas como el denominado engorde prenupcial y las distintas expresiones que pudo adoptar la violencia en estas sociedades.<\/p>\n<p>Finalmente, la restauradora-conservadora Cristina Ojeda Oliva profundiza en el trabajo cient\u00edfico desarrollado para proteger un enclave especialmente fr\u00e1gil: desde el diagn\u00f3stico de su estado de conservaci\u00f3n hasta el estudio de las sales que afectan directamente a sus grabados y las medidas de conservaci\u00f3n preventiva necesarias para garantizar su preservaci\u00f3n. Dicha investigaci\u00f3n est\u00e1 en el marco del proyecto de diagn\u00f3stico del estado de conservaci\u00f3n de ciertos enclaves en el marco del Paisaje Cultural de Risco Ca\u00eddo y las Monta\u00f1as Sagradas de Gran Canaria que se est\u00e1 llevando a cabo desde el a\u00f1o 2022.<\/p>\n<p>Se trata por tanto de una visita para conocer la Cueva de los Candiles desde distintas miradas y comprender c\u00f3mo investigaci\u00f3n, interpretaci\u00f3n y conservaci\u00f3n construyen y enriquecen nuestro conocimiento sobre uno de los espacios arqueol\u00f3gicos m\u00e1s excepcionales de Gran Canaria.<\/p>\n<p>Situada en el Risco Chap\u00edn, dentro de la Caldera de Tejeda, se encuentra la Cueva de los Candiles, integrada en el Paisaje Cultural de Risco Ca\u00eddo y los Espacios Sagrados de Monta\u00f1a de Gran Canaria, declarado Patrimonio Mundial por la UNESCO.<\/p>\n<p>Excavada artificialmente en la roca y situada en una posici\u00f3n elevada con dominio visual sobre el entorno \u2014en conexi\u00f3n simb\u00f3lica con el Roque Nublo y el Roque Bentayga\u2014, su localizaci\u00f3n apunta a un espacio de car\u00e1cter ritual m\u00e1s que dom\u00e9stico.<\/p>\n<p>En su interior, de planta rectangular y organizado en hornacinas, se conserva uno de los conjuntos rupestres m\u00e1s singulares de la isla: m\u00e1s de 300 grabados, con predominio de tri\u00e1ngulos invertidos realizados mediante picado y bajorrelieve. Constituyen la mayor concentraci\u00f3n de figuraciones p\u00fabicas documentada en Gran Canaria y conforman un lenguaje visual posiblemente vinculado a la fertilidad, la reproducci\u00f3n y la continuidad de las primeras poblaciones de la isla.<\/p>\n<p>Recientemente acondicionada para la visita p\u00fablica con la instalaci\u00f3n de una pasarela elevada de tr\u00e1nsito, en el marco de las actuaciones de conservaci\u00f3n preventiva desarrolladas por el Instituto Insular para la Gesti\u00f3n Integrada del Patrimonio Mundial y la Reserva de la Biosfera de Gran Canaria, en 2023 se llevaron a cabo trabajos de limpieza, consolidaci\u00f3n y an\u00e1lisis de sales, dirigidos tambi\u00e9n por Cristina Ojeda Oliva y Alba Fuentes Porto, junto con seguimiento microclim\u00e1tico y control ambiental. Estas intervenciones permitir\u00e1n frenar el deterioro y asegurar la preservaci\u00f3n de este enclave especialmente fr\u00e1gil.<\/p>\n<p>\u00a0<\/p>\n","protected":false},"excerpt":{"rendered":"<p>El Cabildo de Gran Canaria ofrece una visita virtual que sumerge a la ciudadan\u00eda en la Cueva de Los Candiles con una perspectiva de g\u00e9nero Propone nuevas lecturas sobre la&hellip;<\/p>\n","protected":false},"author":1,"featured_media":672,"comment_status":"open","ping_status":"open","sticky":false,"template":"","format":"standard","meta":{"wpai_generated_summary":"","wpai_meta_description":"","footnotes":""},"categories":[148,1],"tags":[],"class_list":["post-671","post","type-post","status-publish","format-standard","has-post-thumbnail","hentry","category-cabildo-de-gran-canaria","category-opinion"],"_links":{"self":[{"href":"https:\/\/nublo.tv\/index.php\/wp-json\/wp\/v2\/posts\/671","targetHints":{"allow":["GET"]}}],"collection":[{"href":"https:\/\/nublo.tv\/index.php\/wp-json\/wp\/v2\/posts"}],"about":[{"href":"https:\/\/nublo.tv\/index.php\/wp-json\/wp\/v2\/types\/post"}],"author":[{"embeddable":true,"href":"https:\/\/nublo.tv\/index.php\/wp-json\/wp\/v2\/users\/1"}],"replies":[{"embeddable":true,"href":"https:\/\/nublo.tv\/index.php\/wp-json\/wp\/v2\/comments?post=671"}],"version-history":[{"count":2,"href":"https:\/\/nublo.tv\/index.php\/wp-json\/wp\/v2\/posts\/671\/revisions"}],"predecessor-version":[{"id":690,"href":"https:\/\/nublo.tv\/index.php\/wp-json\/wp\/v2\/posts\/671\/revisions\/690"}],"wp:featuredmedia":[{"embeddable":true,"href":"https:\/\/nublo.tv\/index.php\/wp-json\/wp\/v2\/media\/672"}],"wp:attachment":[{"href":"https:\/\/nublo.tv\/index.php\/wp-json\/wp\/v2\/media?parent=671"}],"wp:term":[{"taxonomy":"category","embeddable":true,"href":"https:\/\/nublo.tv\/index.php\/wp-json\/wp\/v2\/categories?post=671"},{"taxonomy":"post_tag","embeddable":true,"href":"https:\/\/nublo.tv\/index.php\/wp-json\/wp\/v2\/tags?post=671"}],"curies":[{"name":"wp","href":"https:\/\/api.w.org\/{rel}","templated":true}]}}