{"id":68,"date":"2026-08-04T17:32:54","date_gmt":"2026-08-04T16:32:54","guid":{"rendered":"https:\/\/nublo.tv\/?p=68"},"modified":"2026-08-04T17:32:54","modified_gmt":"2026-08-04T16:32:54","slug":"guia-inaugura-sus-fiestas-de-la-virgen-con-un-emotivo-pregon-dedicado-a-la-memoria-historica-y-humana-de-los-500-anos-que-cumple-el-municipio","status":"publish","type":"post","link":"https:\/\/nublo.tv\/index.php\/2026\/08\/04\/guia-inaugura-sus-fiestas-de-la-virgen-con-un-emotivo-pregon-dedicado-a-la-memoria-historica-y-humana-de-los-500-anos-que-cumple-el-municipio\/","title":{"rendered":"Gu\u00eda inaugura sus Fiestas de la Virgen con un emotivo Preg\u00f3n dedicado a la memoria hist\u00f3rica y humana de los 500 a\u00f1os que cumple el municipio"},"content":{"rendered":"<p><strong>Gu\u00eda, 31 de julio de 2026.-<\/strong> Gu\u00eda dio paso a las Fiestas de la Virgen 2026 con un preg\u00f3n que quedar\u00e1 grabado en la memoria colectiva de los guienses. En el a\u00f1o en que el municipio conmemora el V Centenario de su fundaci\u00f3n, la Plaza Grande, completamente abarrotada de p\u00fablico y engalanada para la ocasi\u00f3n, se convirti\u00f3 en el escenario de un emotivo homenaje a la historia, a las personas y a la identidad de un pueblo que celebra cinco siglos de trayectoria.<\/p>\n<p>El acto reuni\u00f3 a los miembros de la Corporaci\u00f3n municipal, representantes de otros municipios y de distintas administraciones p\u00fablicas, antiguos pregoneros, invitados de honor y multitud de vecinos que quisieron compartir una noche llena de emoci\u00f3n y memoria.<\/p>\n<p>La mesa presidencial estuvo integrada por el alcalde de Gu\u00eda, Alfredo Gon\u00e7alves Ferreira; el concejal de Cultura y Patrimonio, Juli\u00e1n Meli\u00e1n Aguiar; y el p\u00e1rroco de la iglesia matriz, Jos\u00e9 Luis Rodr\u00edguez Guerra.<\/p>\n<p>El honor de inaugurar las Fiestas recay\u00f3 en dos personas profundamente vinculadas a Gu\u00eda: el cronista oficial del municipio, Sergio Aguiar Castellano, y el ge\u00f3grafo, trabajador del \u00e1rea de Urbanismo del Ayuntamiento y escritor, Javier Est\u00e9vez Dom\u00ednguez. Ambos construyeron un preg\u00f3n que logr\u00f3 emocionar al p\u00fablico, combinando el rigor de la historia del municipio con la emoci\u00f3n de vivencias personales.<\/p>\n<p>Antes de dar paso a los pregoneros, tom\u00f3 la palabra el concejal de Cultura y Patrimonio, Juli\u00e1n Meli\u00e1n Aguiar, quien dio la bienvenida a los asistentes y present\u00f3 a los encargados de pronunciar el preg\u00f3n de las Fiestas de la Virgen 2026, poniendo en valor la trayectoria y la estrecha vinculaci\u00f3n de ambos con el municipio. Asimismo, destac\u00f3 el acierto de poder contar con dos voces profundamente conocedoras de la historia y la esencia de Gu\u00eda para inaugurar unas fiestas especialmente significativas.<\/p>\n<p>Durante su intervenci\u00f3n, Javier Est\u00e9vez Dom\u00ednguez y Sergio Aguiar Castellano guiaron a todos los asistentes, a trav\u00e9s de la palabra, por algunos de los acontecimientos m\u00e1s relevantes que han marcado los cinco siglos de historia de Gu\u00eda. A trav\u00e9s de hechos documentados, dibujaron un mapa hist\u00f3rico de la evoluci\u00f3n de este medio milenio de historia que Gu\u00eda celebra este a\u00f1o.<\/p>\n<p>Pero este preg\u00f3n fue mucho m\u00e1s que un recorrido hist\u00f3rico; fue tambi\u00e9n un ejercicio de memoria compartida. Sendos pregoneros evocaron nombres, rostros y recuerdos de hombres y mujeres que, desde el anonimato, en muchos casos, son quienes representan la idiosincrasia de Gu\u00eda. Personas que forman parte del patrimonio y del paisaje humano del municipio y que permanecen vivas en el recuerdo de generaciones de guienses. Un relato a dos lleno de historia compartida con el p\u00fablico, que reconoc\u00eda tambi\u00e9n su historia en los recuerdos de los pregoneros.<\/p>\n<p>El alcalde de Gu\u00eda, Alfredo Gon\u00e7alves Ferreira, cerr\u00f3 el acto institucional con un discurso que reflejaba la admiraci\u00f3n y la gratitud a todas las generaciones \u00abque han hecho de Gu\u00eda lo que es hoy. Gracias a todos y a todas quienes nos han guiado hasta aqu\u00ed\u00bb. En sus palabras destac\u00f3 que \u00ablas Fiestas de la Virgen no son s\u00f3lo fiestas; son un legado que se renueva cada a\u00f1o; son una celebraci\u00f3n que nos recuerda que Gu\u00eda es un pueblo que nunca ha dejado de creer en s\u00ed mismo\u00bb, agradeciendo \u00aba quienes inculcaron a sus hijos, nosotros, el amor, el respeto y los valores que conlleva ser de cualquier rinc\u00f3n de Gu\u00eda\u00bb.<\/p>\n<p>Como broche final, la cantante Thania Gil ofreci\u00f3 un repertorio musical que puso el colof\u00f3n a una noche cargada de simbolismo y emoci\u00f3n que da paso a unas Fiestas de la Virgen que, en este 2026, adquieren, adem\u00e1s, relevancia hist\u00f3rica.<\/p>\n<p><i class=\"x-icon-tags\" data-x-icon-s=\"\uf02c\"><\/i>Etiquetas:<a href=\"https:\/\/santamariadeguia.es\/tag\/ayuntamiento-de-santa-maria-de-guia\/\" rel=\"tag\">Ayuntamiento de Santa Mar\u00eda de Gu\u00eda<\/a>, <a href=\"https:\/\/santamariadeguia.es\/tag\/javier-estevez\/\" rel=\"tag\">Javier Est\u00e9vez<\/a>, <a href=\"https:\/\/santamariadeguia.es\/tag\/alfredo-goncalves\/\" rel=\"tag\">Alfredo Gon\u00e7alves<\/a>, <a href=\"https:\/\/santamariadeguia.es\/tag\/guia-de-gran-canaria\/\" rel=\"tag\">Gu\u00eda de Gran Canaria<\/a>, <a href=\"https:\/\/santamariadeguia.es\/tag\/sergio-aguiar-castellano\/\" rel=\"tag\">Sergio Aguiar Castellano<\/a>, <a href=\"https:\/\/santamariadeguia.es\/tag\/fiestas-de-la-virgen\/\" rel=\"tag\">Fiestas de la Virgen<\/a>, <a href=\"https:\/\/santamariadeguia.es\/tag\/fiestas-de-la-virgen-2026\/\" rel=\"tag\">Fiestas de la Virgen 2026<\/a>, <a href=\"https:\/\/santamariadeguia.es\/tag\/thania-gil\/\" rel=\"tag\">Thania Gil<\/a>, <a href=\"https:\/\/santamariadeguia.es\/tag\/santa-maria-de-guia\/\" rel=\"tag\">Santa Mar\u00eda de Gu\u00eda<\/a><\/p>\n","protected":false},"excerpt":{"rendered":"<p>Gu\u00eda, 31 de julio de 2026.- Gu\u00eda dio paso a las Fiestas de la Virgen 2026 con un preg\u00f3n que quedar\u00e1 grabado en la memoria colectiva de los guienses. En&hellip;<\/p>\n","protected":false},"author":6,"featured_media":69,"comment_status":"open","ping_status":"open","sticky":false,"template":"","format":"standard","meta":{"wpai_generated_summary":"","wpai_meta_description":"","footnotes":""},"categories":[138],"tags":[],"class_list":["post-68","post","type-post","status-publish","format-standard","has-post-thumbnail","hentry","category-ayuntamiento-de-santa-maria-de-guia"],"_links":{"self":[{"href":"https:\/\/nublo.tv\/index.php\/wp-json\/wp\/v2\/posts\/68","targetHints":{"allow":["GET"]}}],"collection":[{"href":"https:\/\/nublo.tv\/index.php\/wp-json\/wp\/v2\/posts"}],"about":[{"href":"https:\/\/nublo.tv\/index.php\/wp-json\/wp\/v2\/types\/post"}],"author":[{"embeddable":true,"href":"https:\/\/nublo.tv\/index.php\/wp-json\/wp\/v2\/users\/6"}],"replies":[{"embeddable":true,"href":"https:\/\/nublo.tv\/index.php\/wp-json\/wp\/v2\/comments?post=68"}],"version-history":[{"count":1,"href":"https:\/\/nublo.tv\/index.php\/wp-json\/wp\/v2\/posts\/68\/revisions"}],"predecessor-version":[{"id":476,"href":"https:\/\/nublo.tv\/index.php\/wp-json\/wp\/v2\/posts\/68\/revisions\/476"}],"wp:featuredmedia":[{"embeddable":true,"href":"https:\/\/nublo.tv\/index.php\/wp-json\/wp\/v2\/media\/69"}],"wp:attachment":[{"href":"https:\/\/nublo.tv\/index.php\/wp-json\/wp\/v2\/media?parent=68"}],"wp:term":[{"taxonomy":"category","embeddable":true,"href":"https:\/\/nublo.tv\/index.php\/wp-json\/wp\/v2\/categories?post=68"},{"taxonomy":"post_tag","embeddable":true,"href":"https:\/\/nublo.tv\/index.php\/wp-json\/wp\/v2\/tags?post=68"}],"curies":[{"name":"wp","href":"https:\/\/api.w.org\/{rel}","templated":true}]}}