{"id":70,"date":"2026-08-04T17:37:06","date_gmt":"2026-08-04T16:37:06","guid":{"rendered":"https:\/\/nublo.tv\/?p=70"},"modified":"2026-08-04T17:37:06","modified_gmt":"2026-08-04T16:37:06","slug":"camela-culmina-las-544a-fiestas-mayores-de-santiago-con-un-concierto-multitudinario","status":"publish","type":"post","link":"https:\/\/nublo.tv\/index.php\/2026\/08\/04\/camela-culmina-las-544a-fiestas-mayores-de-santiago-con-un-concierto-multitudinario\/","title":{"rendered":"Camela culmina las 544\u00aa Fiestas Mayores de Santiago con un concierto multitudinario"},"content":{"rendered":"<p>\u2013 M\u00e1s de 3.000 personas abarrotan el Recinto Cultural de La Quinta poniendo el broche de oro a una edici\u00f3n marcada por la participaci\u00f3n y la cercan\u00eda del A\u00f1o Santo Jacobeo 2027<\/p>\n<p>El Recinto Cultural de La Quinta totalmente abarrotado de p\u00fablico ha sido la imagen perfecta que resume la \u00faltima edici\u00f3n de las Fiestas Mayores de Santiago de G\u00e1ldar. El concierto que el m\u00edtico d\u00fao Camela ofrec\u00eda como fin de fiesta al mes grande del municipio norte\u00f1o ha puesto el broche de oro a un programa con m\u00e1s de un centenar de actos y enorme participaci\u00f3n, m\u00e1s de 3.000 personas totalmente entregadas y coreando cada \u00e9xito de una formaci\u00f3n que es historia de la m\u00fasica espa\u00f1ola.<\/p>\n<p>\u201cEste ambiente, esta alegr\u00eda, esta participaci\u00f3n por parte tanto de los vecinos de G\u00e1ldar como de numerosas personas que han llegado del resto de la isla para disfrutar de este concierto son ejemplo de lo que hemos vivido durante todo este mes en nuestras calles,\u201d asegura el primer teniente de alcalde y concejal de Cultura y Fiestas del Ayuntamiento de G\u00e1ldar, Julio Mateo Castillo, \u201cla tradici\u00f3n entre los vecinos, que se conserva de generaci\u00f3n en generaci\u00f3n y el boca a boca que nos convierte en un municipio de referencia para los visitantes que llegan atra\u00eddos por la singularidad de nuestros festejos son lo que nos hace seguir creciendo.\u201d<\/p>\n<p>\u201cCuando dise\u00f1amos el programa de nuestras fiestas mayores siempre pensamos en acercar al p\u00fablico nuestras tradiciones y costumbres, el legado y la historia de la ciudad,\u201d puntualiza el edil. \u201cTambi\u00e9n la cultura, la m\u00fasica y la participaci\u00f3n.\u201d De ah\u00ed la enorme importancia de citas como la Danza y Zambra de los Gigantes y Caballitos de Fuego, la Cabalgata de Carrozas, la Tradicional Romer\u00eda o la Batalla de Flores, \u201cque este a\u00f1o han vuelto a convertirse en las citas m\u00e1s multitudinarias.\u201d<\/p>\n<p>Todo ello junto a los eventos musicales, como el regreso a los escenarios de El Vega Life, el concierto ofrecido por la artista Merche o la actuaci\u00f3n de Camela, sin olvidar una de las grandes novedades de esta edici\u00f3n, el G\u00e1ldar Urban Fest, primer festival musical dentro del programa de las Fiestas Mayores de Santiago que nace para dar respuesta a la demanda del p\u00fablico m\u00e1s joven.<\/p>\n<p>En una edici\u00f3n tan especial como \u00e9sta, \u201cya con las miras puestas en el A\u00f1o Santo Jacobeo 2027, las fiestas nos recuerdan adem\u00e1s que no estamos solos en el camino, y que compartir estos momentos con los nuestros, conservar nuestras tradiciones y vivir con devoci\u00f3n nuestra fe son parte de la idiosincrasia de G\u00e1ldar y lo que nos convierte en un municipio \u00fanico.\u201d<\/p>\n<p>Para la \u00faltima noche de las 544\u00aa Fiestas Mayores de Santiago de G\u00e1ldar la ciudad ten\u00eda preparado un concierto que promet\u00eda ser inolvidable, el concierto del d\u00fao Camela que se integra dentro de su gira \u201c+ de 30\u201d y que los est\u00e1 llevando por toda la geograf\u00eda espa\u00f1ola colgando el cartel de \u201cno hay entradas\u201d en casi todas sus citas.<\/p>\n<p>No es la primera vez que Camela act\u00faa en G\u00e1ldar, ya en las Fiestas Mayores de Santiago de 2019 Dioni y \u00c1ngeles revolucionaron la plaza de Santiago con una actuaci\u00f3n que pr\u00e1cticamente colaps\u00f3 la ciudad. Esta noche volv\u00edan a repetir \u00e9xito por todo lo alto.<\/p>\n<p>El d\u00fao se met\u00eda al p\u00fablico en el bolsillo ya desde los primeros acordes con \u00e9xitos tan populares como \u201cSue\u00f1os Inalcanzables\u201d o \u201cNunca deb\u00ed enamorarme\u201d, coreados por los miles de personas que se congregaban en el Recinto Cultural La Quinta. <\/p>\n<p>\u201cH\u00e1blale de m\u00ed, dile estas palabras\u201d, cantaba \u00c1ngeles para un p\u00fablico que arropaba al d\u00fao con aplausos desde las primeras notas de cada canci\u00f3n. Tras \u00e9xitos m\u00e1s actuales como \u201cNunca te he olvidado\u201d o \u201cTu mirada\u201d La Quinta se ven\u00eda abajo con miles de gargantas al ritmo de uno de los estribillos bandera, \u201csue\u00f1o contigo, que me has dado\u201d, coreaban sus seguidores. Fin de fiesta por todo lo alto con \u201cCuando zarpa el amor\u201d, Camela volv\u00eda a coronarse un a\u00f1o m\u00e1s ante su p\u00fablico de G\u00e1ldar.<\/p>\n<p>\u201cEstamos muy agradecidos por la respuesta a las fiestas de este a\u00f1o,\u201d concluye Julio Mateo Castillo y estamos convencidos de que la pr\u00f3xima edici\u00f3n, coincidiendo con el A\u00f1o Santo Jacobeo 2027 nos deparar\u00e1 a\u00fan m\u00e1s satisfacciones.\u201d<\/p>\n<p>La jornada de domingo cont\u00f3 adem\u00e1s con numerosas actividades para los m\u00e1s peque\u00f1os, el Parque L\u00fadico Infantil, con castillos hinchables, talleres de manualidades y juegos adem\u00e1s del espect\u00e1culo infantil \u201cKarkocha\u201d, que congreg\u00f3 a cientos de ni\u00f1os en los aleda\u00f1os de la Plaza de Santiago. El Gran Fin de Fiestas de la plaza corri\u00f3 a cargo de del grupo Hierba Buena. Los asistentes pudieron disfrutar adem\u00e1s del ya tradicional almuerzo popular con la corporaci\u00f3n municipal encabezada por el alcalde de G\u00e1ldar, Teodoro Sosa.<\/p>\n","protected":false},"excerpt":{"rendered":"<p>\u2013 M\u00e1s de 3.000 personas abarrotan el Recinto Cultural de La Quinta poniendo el broche de oro a una edici\u00f3n marcada por la participaci\u00f3n y la cercan\u00eda del A\u00f1o Santo&hellip;<\/p>\n","protected":false},"author":2,"featured_media":71,"comment_status":"open","ping_status":"open","sticky":false,"template":"","format":"standard","meta":{"wpai_generated_summary":"","wpai_meta_description":"","footnotes":""},"categories":[129],"tags":[],"class_list":["post-70","post","type-post","status-publish","format-standard","has-post-thumbnail","hentry","category-ayuntamiento-de-galdar"],"_links":{"self":[{"href":"https:\/\/nublo.tv\/index.php\/wp-json\/wp\/v2\/posts\/70","targetHints":{"allow":["GET"]}}],"collection":[{"href":"https:\/\/nublo.tv\/index.php\/wp-json\/wp\/v2\/posts"}],"about":[{"href":"https:\/\/nublo.tv\/index.php\/wp-json\/wp\/v2\/types\/post"}],"author":[{"embeddable":true,"href":"https:\/\/nublo.tv\/index.php\/wp-json\/wp\/v2\/users\/2"}],"replies":[{"embeddable":true,"href":"https:\/\/nublo.tv\/index.php\/wp-json\/wp\/v2\/comments?post=70"}],"version-history":[{"count":1,"href":"https:\/\/nublo.tv\/index.php\/wp-json\/wp\/v2\/posts\/70\/revisions"}],"predecessor-version":[{"id":567,"href":"https:\/\/nublo.tv\/index.php\/wp-json\/wp\/v2\/posts\/70\/revisions\/567"}],"wp:featuredmedia":[{"embeddable":true,"href":"https:\/\/nublo.tv\/index.php\/wp-json\/wp\/v2\/media\/71"}],"wp:attachment":[{"href":"https:\/\/nublo.tv\/index.php\/wp-json\/wp\/v2\/media?parent=70"}],"wp:term":[{"taxonomy":"category","embeddable":true,"href":"https:\/\/nublo.tv\/index.php\/wp-json\/wp\/v2\/categories?post=70"},{"taxonomy":"post_tag","embeddable":true,"href":"https:\/\/nublo.tv\/index.php\/wp-json\/wp\/v2\/tags?post=70"}],"curies":[{"name":"wp","href":"https:\/\/api.w.org\/{rel}","templated":true}]}}