{"id":72,"date":"2026-08-04T17:32:54","date_gmt":"2026-08-04T16:32:54","guid":{"rendered":"https:\/\/nublo.tv\/?p=72"},"modified":"2026-08-04T17:32:54","modified_gmt":"2026-08-04T16:32:54","slug":"maldita-egb-los-600-y-cuenta-atras-encabezan-el-tardeo-en-guia-este-domingo-en-el-primer-fin-de-semana-de-las-fiestas-de-la-virgen-2026","status":"publish","type":"post","link":"https:\/\/nublo.tv\/index.php\/2026\/08\/04\/maldita-egb-los-600-y-cuenta-atras-encabezan-el-tardeo-en-guia-este-domingo-en-el-primer-fin-de-semana-de-las-fiestas-de-la-virgen-2026\/","title":{"rendered":"Maldita EGB, Los 600 y Cuenta Atr\u00e1s encabezan el Tardeo en Gu\u00eda este domingo en el primer fin de semana de las Fiestas de La Virgen 2026"},"content":{"rendered":"<p><strong>Gu\u00eda, 31 de julio de 2026.-<\/strong> El Tardeo en Gu\u00eda llegar\u00e1 este domingo 2 de agosto a la Plaza Grande de Gu\u00eda con un gran concierto que comenzar\u00e1 a las 18:00 horas y reunir\u00e1 sobre el escenario a Maldita EGB, Los 600 y Cuenta Atr\u00e1s, tres formaciones que ofrecer\u00e1n un espect\u00e1culo lleno de ritmo, nostalgia y diversi\u00f3n en el primer fin de semana de las fiestas de La Virgen 2026.<\/p>\n<p>El cartel lo encabeza Maldita EGB, una de las bandas de versiones m\u00e1s reconocidas del panorama nacional, que har\u00e1 viajar al p\u00fablico a trav\u00e9s de los grandes \u00e9xitos del pop y el rock de los a\u00f1os 80 y 90. Con una puesta en escena divertida, din\u00e1mica y muy participativa, su espect\u00e1culo recupera canciones que marcaron a toda una generaci\u00f3n y que siguen formando parte de la banda sonora de muchas vidas.<\/p>\n<p>La fiesta continuar\u00e1 con Los 600, una formaci\u00f3n que destaca por su energ\u00eda sobre el escenario, su cercan\u00eda con el p\u00fablico y un repertorio lleno de canciones conocidas, ritmos bailables y grandes \u00e9xitos. Su directo est\u00e1 pensado para cantar, bailar y disfrutar de una tarde diferente en uno de los espacios m\u00e1s emblem\u00e1ticos de Gu\u00eda.<\/p>\n<p>La jornada culminar\u00e1 con Cuenta Atr\u00e1s, una banda que aportar\u00e1 ritmo, frescura y una puesta en escena cargada de energ\u00eda. Con un espect\u00e1culo cercano y participativo, ofrecer\u00e1n un repertorio pensado para mantener el ambiente festivo y poner el broche final a una cita que promete convertir la Plaza Grande en un gran punto de encuentro.<\/p>\n<p><i class=\"x-icon-tags\" data-x-icon-s=\"\uf02c\"><\/i>Etiquetas:<a href=\"https:\/\/santamariadeguia.es\/tag\/ayuntamiento-de-santa-maria-de-guia\/\" rel=\"tag\">Ayuntamiento de Santa Mar\u00eda de Gu\u00eda<\/a>, <a href=\"https:\/\/santamariadeguia.es\/tag\/alfredo-goncalves\/\" rel=\"tag\">Alfredo Gon\u00e7alves<\/a>, <a href=\"https:\/\/santamariadeguia.es\/tag\/guia-de-gran-canaria\/\" rel=\"tag\">Gu\u00eda de Gran Canaria<\/a>, <a href=\"https:\/\/santamariadeguia.es\/tag\/ayuntamiento-de-guia-de-gran-canaria\/\" rel=\"tag\">Ayuntamiento de Gu\u00eda de Gran Canaria<\/a>, <a href=\"https:\/\/santamariadeguia.es\/tag\/festejos\/\" rel=\"tag\">Festejos<\/a>, <a href=\"https:\/\/santamariadeguia.es\/tag\/fiestas-de-la-virgen\/\" rel=\"tag\">Fiestas de la Virgen<\/a>, <a href=\"https:\/\/santamariadeguia.es\/tag\/fiestas-de-la-virgen-2026\/\" rel=\"tag\">Fiestas de la Virgen 2026<\/a>, <a href=\"https:\/\/santamariadeguia.es\/tag\/de-tardeo-en-guia\/\" rel=\"tag\">De Tardeo en Gu\u00eda<\/a>, <a href=\"https:\/\/santamariadeguia.es\/tag\/santa-maria-de-guia\/\" rel=\"tag\">Santa Mar\u00eda de Gu\u00eda<\/a><\/p>\n","protected":false},"excerpt":{"rendered":"<p>Gu\u00eda, 31 de julio de 2026.- El Tardeo en Gu\u00eda llegar\u00e1 este domingo 2 de agosto a la Plaza Grande de Gu\u00eda con un gran concierto que comenzar\u00e1 a las&hellip;<\/p>\n","protected":false},"author":6,"featured_media":73,"comment_status":"open","ping_status":"open","sticky":false,"template":"","format":"standard","meta":{"wpai_generated_summary":"","wpai_meta_description":"","footnotes":""},"categories":[138],"tags":[],"class_list":["post-72","post","type-post","status-publish","format-standard","has-post-thumbnail","hentry","category-ayuntamiento-de-santa-maria-de-guia"],"_links":{"self":[{"href":"https:\/\/nublo.tv\/index.php\/wp-json\/wp\/v2\/posts\/72","targetHints":{"allow":["GET"]}}],"collection":[{"href":"https:\/\/nublo.tv\/index.php\/wp-json\/wp\/v2\/posts"}],"about":[{"href":"https:\/\/nublo.tv\/index.php\/wp-json\/wp\/v2\/types\/post"}],"author":[{"embeddable":true,"href":"https:\/\/nublo.tv\/index.php\/wp-json\/wp\/v2\/users\/6"}],"replies":[{"embeddable":true,"href":"https:\/\/nublo.tv\/index.php\/wp-json\/wp\/v2\/comments?post=72"}],"version-history":[{"count":1,"href":"https:\/\/nublo.tv\/index.php\/wp-json\/wp\/v2\/posts\/72\/revisions"}],"predecessor-version":[{"id":479,"href":"https:\/\/nublo.tv\/index.php\/wp-json\/wp\/v2\/posts\/72\/revisions\/479"}],"wp:featuredmedia":[{"embeddable":true,"href":"https:\/\/nublo.tv\/index.php\/wp-json\/wp\/v2\/media\/73"}],"wp:attachment":[{"href":"https:\/\/nublo.tv\/index.php\/wp-json\/wp\/v2\/media?parent=72"}],"wp:term":[{"taxonomy":"category","embeddable":true,"href":"https:\/\/nublo.tv\/index.php\/wp-json\/wp\/v2\/categories?post=72"},{"taxonomy":"post_tag","embeddable":true,"href":"https:\/\/nublo.tv\/index.php\/wp-json\/wp\/v2\/tags?post=72"}],"curies":[{"name":"wp","href":"https:\/\/api.w.org\/{rel}","templated":true}]}}