{"id":74,"date":"2026-08-04T17:37:06","date_gmt":"2026-08-04T16:37:06","guid":{"rendered":"https:\/\/nublo.tv\/?p=74"},"modified":"2026-08-04T17:37:06","modified_gmt":"2026-08-04T16:37:06","slug":"la-batalla-de-flores-reina-en-galdar-en-la-tarde-de-santiago","status":"publish","type":"post","link":"https:\/\/nublo.tv\/index.php\/2026\/08\/04\/la-batalla-de-flores-reina-en-galdar-en-la-tarde-de-santiago\/","title":{"rendered":"La Batalla de Flores reina en G\u00e1ldar en la tarde de Santiago"},"content":{"rendered":"<p>\u2013 La tradicional fiesta ti\u00f1e de blanco los aleda\u00f1os de la Plaza de Santiago en un encuentro intergeneracional multitudinario que se conserva m\u00e1s vivo que nunca antes de que Merche, por la noche, hiciera vibrar La Quinta<\/p>\n<p>Peque\u00f1os y mayores han vuelto a disfrutar de la alegr\u00eda, la fiesta y la tradici\u00f3n con la Batalla de Flores, la cita que re\u00fane a cientos de personas en torno a la Plaza de Santiago de G\u00e1ldar para competir entre ellos armados de sus particulares proyectiles, las bolas de confeti.<\/p>\n<p>Marca la tradici\u00f3n que las carrozas que desfilan en la Gran Cabalgata de las fiestas vuelvan a exhibirse atravesando toda la calle Capit\u00e1n Quesada para disfrute de los asistentes. Se les permite entonces dar toda una vuelta a la Plaza de Santiago. Y una vez que la concluyen, el alcalde de la ciudad, Teodoro Sosa, es el encargado de dar el pistoletazo de salida a la guerra campal de confeti efectuando el primer lanzamiento.<\/p>\n<p>A partir de ah\u00ed ya s\u00f3lo queda tirar de fuerza, destreza y punter\u00eda para dar en el blanco y no convertirse a su vez en diana de otro tirador. Los objetivos m\u00e1s codiciados, las propias carrozas, que este a\u00f1o desfilaban con sugerentes fantas\u00edas: \u201cCharlot\u201d, \u201cAlicia en el Pa\u00eds de las Maravillas\u201d, \u201cLa sirena\u201d, \u201cHuevos de Pascua\u201d, \u201cBajo el Mar\u201d, \u201cLos cuatro jinetes del Apocalipsis\u201d y \u201cEl \u00faltimo emperador\u201d.<\/p>\n<p>Por supuesto, desde las propias carrozas tambi\u00e9n hubo lanzamientos magistrales. El resultado, plaza y aleda\u00f1os se te\u00f1\u00edan por completo de blanco en medio de una divertida batalla que sigue congregando a centenares de personas cada a\u00f1o y que se ha convertido en un encuentro intergeneracional en el que familias enteras pasan el testigo a sus hijos.<\/p>\n<p>El d\u00eda de Santiago 2026 ha concluido por todo lo alto con el concierto que la cantante Merche ha ofrecido en el escenario del Recinto Cultural La Quinta, en el que no han faltado grandes \u00e9xitos como \u201cAbre tu mente\u201d, \u201cEras t\u00fa\u201d o \u201cNo me pidas m\u00e1s amor\u201d.<\/p>\n<p>A continuaci\u00f3n, la fiesta y la m\u00fasica volv\u00edan a trasladarse a la Plaza de Santiago para recibir sobre su escenario a las orquestas Panamaribe y Star Music en una noche con la verbena como protagonista.<\/p>\n","protected":false},"excerpt":{"rendered":"<p>\u2013 La tradicional fiesta ti\u00f1e de blanco los aleda\u00f1os de la Plaza de Santiago en un encuentro intergeneracional multitudinario que se conserva m\u00e1s vivo que nunca antes de que Merche,&hellip;<\/p>\n","protected":false},"author":2,"featured_media":75,"comment_status":"open","ping_status":"open","sticky":false,"template":"","format":"standard","meta":{"wpai_generated_summary":"","wpai_meta_description":"","footnotes":""},"categories":[129],"tags":[],"class_list":["post-74","post","type-post","status-publish","format-standard","has-post-thumbnail","hentry","category-ayuntamiento-de-galdar"],"_links":{"self":[{"href":"https:\/\/nublo.tv\/index.php\/wp-json\/wp\/v2\/posts\/74","targetHints":{"allow":["GET"]}}],"collection":[{"href":"https:\/\/nublo.tv\/index.php\/wp-json\/wp\/v2\/posts"}],"about":[{"href":"https:\/\/nublo.tv\/index.php\/wp-json\/wp\/v2\/types\/post"}],"author":[{"embeddable":true,"href":"https:\/\/nublo.tv\/index.php\/wp-json\/wp\/v2\/users\/2"}],"replies":[{"embeddable":true,"href":"https:\/\/nublo.tv\/index.php\/wp-json\/wp\/v2\/comments?post=74"}],"version-history":[{"count":1,"href":"https:\/\/nublo.tv\/index.php\/wp-json\/wp\/v2\/posts\/74\/revisions"}],"predecessor-version":[{"id":569,"href":"https:\/\/nublo.tv\/index.php\/wp-json\/wp\/v2\/posts\/74\/revisions\/569"}],"wp:featuredmedia":[{"embeddable":true,"href":"https:\/\/nublo.tv\/index.php\/wp-json\/wp\/v2\/media\/75"}],"wp:attachment":[{"href":"https:\/\/nublo.tv\/index.php\/wp-json\/wp\/v2\/media?parent=74"}],"wp:term":[{"taxonomy":"category","embeddable":true,"href":"https:\/\/nublo.tv\/index.php\/wp-json\/wp\/v2\/categories?post=74"},{"taxonomy":"post_tag","embeddable":true,"href":"https:\/\/nublo.tv\/index.php\/wp-json\/wp\/v2\/tags?post=74"}],"curies":[{"name":"wp","href":"https:\/\/api.w.org\/{rel}","templated":true}]}}