{"id":76,"date":"2026-08-04T17:35:23","date_gmt":"2026-08-04T16:35:23","guid":{"rendered":"https:\/\/nublo.tv\/?p=76"},"modified":"2026-08-04T17:35:23","modified_gmt":"2026-08-04T16:35:23","slug":"guia-da-este-viernes-el-pistoletazo-de-salida-a-las-fiestas-de-la-virgen-2026-con-el-pregon-de-sergio-aguiar-y-javier-estevez","status":"publish","type":"post","link":"https:\/\/nublo.tv\/index.php\/2026\/08\/04\/guia-da-este-viernes-el-pistoletazo-de-salida-a-las-fiestas-de-la-virgen-2026-con-el-pregon-de-sergio-aguiar-y-javier-estevez\/","title":{"rendered":"Gu\u00eda da este viernes el pistoletazo de salida a las fiestas de La Virgen 2026 con el Preg\u00f3n de Sergio Aguiar y Javier Est\u00e9vez"},"content":{"rendered":"<p><span class=\"s6\">\u25cf<\/span> <span class=\"s7\">El acto<\/span><span class=\"s7\"> se celebrar\u00e1 \u00a0a las 21:00 horas en la Plaza Grande y marcar\u00e1 el arranque de<\/span><span class=\"s7\"> la edici\u00f3n hist\u00f3rica de las fiestas patronales en el marco de la conmemoraci\u00f3n de<\/span><span class=\"s7\"> los<\/span> <span class=\"s7\">500 a\u00f1os de<\/span><span class=\"s7\"> la Fundaci\u00f3n del municipio<\/span><\/p>\n<p class=\"s5\"><span class=\"s7\">Gu\u00eda, 30 de julio de 2026.-<\/span> <span class=\"s9\">Gu\u00eda<\/span><span class=\"s9\"> celebra ma\u00f1ana viernes 31 de julio el arranque de sus fiestas patronales de La Virgen 2026 con la lectura del Preg\u00f3n a cargo <\/span><span class=\"s9\">del cronista oficial <\/span><span class=\"s9\">y Medalla de Oro <\/span><span class=\"s9\">de la ciudad, Sergio Aguiar<\/span><span class=\"s9\">,<\/span><span class=\"s9\"> y del ge\u00f3grafo<\/span><span class=\"s9\"> municipal<\/span><span class=\"s9\"> y escritor Javier Est\u00e9vez<\/span><span class=\"s9\">, en una edici\u00f3n que reviste un car\u00e1cter hist\u00f3rico y extraordinario al celebrarse en el marco del V centenario de la <\/span><span class=\"s9\">F<\/span><span class=\"s9\">undaci\u00f3n de esta <\/span><span class=\"s9\">C<\/span><span class=\"s9\">iudad, una efem\u00e9ride que <\/span><span class=\"s9\">conmemora<\/span><span class=\"s9\"> los<\/span><span class=\"s9\"> quinientos a\u00f1os de<\/span><span class=\"s9\"> su historia e <\/span><span class=\"s9\">identidad<\/span><span class=\"s9\">. <\/span><\/p>\n<p class=\"s5\"><span class=\"s9\">El acto se celebrar\u00e1 en la Plaza Grande, a las 21:00 horas, y ser\u00e1, en palabras del alcalde, Alfredo Gon\u00e7alves Ferreira, <\/span><span class=\"s9\">\u201c<\/span><span class=\"s9\">una ocasi\u00f3n muy especial porque ambos pregoneros <\/span><span class=\"s9\">representan dos miradas complementarias y profundamente comprometidas con <\/span><span class=\"s9\">nuestro municipio y han demostrado sobradamente su<\/span><span class=\"s9\"> orgullo amor por \u00e9l y por todo lo que representa<\/span><span class=\"s9\"> ser guiense<\/span><span class=\"s9\">\u201d se\u00f1al<\/span><span class=\"s9\">a e invita \u201ca \u00a0<\/span><span class=\"s9\">toda la ciudadan\u00eda<\/span><span class=\"s9\">, a nuestros vecinos y vecinas,<\/span><span class=\"s9\"> a acudir a esta cita<\/span><span class=\"s9\"> con dos figuras clave de la cultura local<\/span><span class=\"s9\">, personas admiradas y respetadas por todos, <\/span><span class=\"s9\">que servir\u00e1 de <\/span><span class=\"s9\">entrada <\/span><span class=\"s9\">perfect<\/span><span class=\"s9\">a<\/span> <span class=\"s9\">a<\/span> <span class=\"s9\">unas fiestas tan significativas como son las de este a\u00f1o\u201d, subray\u00f3. <\/span><\/p>\n<p class=\"s5\"><span class=\"s10\">Sergio Aguiar<\/span><span class=\"s10\">, <\/span><span class=\"s10\">custodio de la memoria <\/span><span class=\"s10\">del municipio<\/span><\/p>\n<p class=\"s12\"><span class=\"s11\">Sergio Aguiar Castellano (Gu\u00eda de Gran Canaria, 1966) es el Cronista Oficial del municipio, cargo para el que fue nombrado por unanimidad de toda<\/span><span class=\"s11\"> la Corporaci\u00f3n municipal<\/span><span class=\"s11\"> en octubre de 2024. <\/span><span class=\"s11\">Es Licenciado en Filolog\u00eda Espa\u00f1ola-Secci\u00f3n de Hisp\u00e1nicas (Universidad de La Laguna). Especialista Universitario en Archiv\u00edstica (U.N.E.D). Diploma de Estudios \u00a0Avanzados en Historia Contempor\u00e1nea (Universidad de Las Palmas de Gran Canaria) y Especialista en An\u00e1lisis y Dise\u00f1o de Sistemas de Gesti\u00f3n Documental (UOC).<\/span><\/p>\n<p class=\"s12\"><span class=\"s11\">Su inter\u00e9s por la archiv\u00edstica y la biblioteconom\u00eda, le vienen desde muy joven. Los primeros cursos de estas disciplinas los realiz\u00f3 siendo estudiante en La Laguna y con el paso de los a\u00f1os posee innumerables t\u00edtulos y certificaciones de ambas especialidades. En la actualidad es miembro de la Asociaci\u00f3n de Archiveros de Canarias (ASARCA), por medio de la cual ha presentado varias ponencias en congresos y encuentros de archiveros.<\/span><\/p>\n<p class=\"s12\"><span class=\"s11\">Su ingente labor investigadora se ha materializado en la publicaci\u00f3n de quince libros desde 2007, centrados en el devenir hist\u00f3rico de Gu\u00eda y en exhaustivos estudios biogr\u00e1ficos de personajes ilustres de la comarca norte. <\/span><span class=\"s11\">En la actualidad es miembro de la Asociaci\u00f3n de Archiveros de Canarias (ASARCA)<\/span><span class=\"s11\">. \u00a0<\/span><span class=\"s11\">Desde el a\u00f1o 2001 es t\u00e9cnico del archivo \u00a0y biblioteca municipal de Gu\u00eda.<\/span><\/p>\n<p class=\"s12\"><span class=\"s11\">En el a\u00f1o 2022 el Ayuntamiento le otorg\u00f3 la Medalla de Oro de la <\/span><span class=\"s11\">C<\/span><span class=\"s11\">iudad en reconocimiento a su<\/span><span class=\"s11\"> labor investigadora y su extraordinaria <\/span><span class=\"s11\">contribuci\u00f3n al rescate y preservaci\u00f3n del patrimonio documental del municipio.<\/span><\/p>\n<p class=\"s12\"><span class=\"s10\">Javier Est\u00e9vez, la narrativa y el paisaje hechos literatura<\/span><\/p>\n<p class=\"s12\"><span class=\"s11\">Javier Est\u00e9vez Dom\u00ednguez compagina su faceta profesional como ge\u00f3grafo con una prol\u00edfica y aplaudida trayectoria literaria y dram\u00e1tica. Est\u00e9vez destaca por ser un creador que ha convertido a su propio municipio en el escenario e inspiraci\u00f3n central de su obra.<\/span><\/p>\n<p class=\"s12\"><span class=\"s11\">Ge\u00f3grafo de formaci\u00f3n y profesi\u00f3n, con un Premio Extraordinario por la <\/span><span class=\"s11\">U<\/span><span class=\"s11\">niversidad Rovira i Virgili que certifica que entiende los territorios tanto como los habita, trabaja en el departamento de Urbanismo, Arquitectura y Vivienda del <\/span><span class=\"s11\">A<\/span><span class=\"s11\">yuntamiento de Gu\u00eda. \u00a0Desde ah\u00ed mira los planos del municipio con el mismo cuidado con que, en sus ratos de escritor, mira las vidas de quienes lo pueblan.<\/span><\/p>\n<p class=\"s12\"><span class=\"s11\">En el \u00e1mbito narrativo es autor de la novela <\/span><span class=\"s13\">D\u00edas de paso<\/span><span class=\"s11\"> y del ensayo <\/span><span class=\"s13\">Azulmadre<\/span><span class=\"s11\">. Su aportaci\u00f3n al teatro canario es especialmente significativa, destacando obras fuertemente ligadas a la memoria de Gu\u00eda como <\/span><span class=\"s13\">Yo soy Jessie Etchells<\/span><span class=\"s11\"> (2018), <\/span><span class=\"s13\">Tr\u00e1nsitos<\/span><span class=\"s13\">, <\/span><span class=\"s11\">encargo<\/span><span class=\"s11\"> de este Ayuntamiento con motivo del centenario del <\/span><span class=\"s11\">poeta Manuel Gonz\u00e1lez Sosa o <\/span><span class=\"s13\">M\u00e1s alto que el cielo, no<\/span><span class=\"s11\">sotros<\/span><span class=\"s11\">, pieza que abord\u00f3 el <\/span><span class=\"s11\">estallido de <\/span><span class=\"s11\">la Guerra Civil en e<\/span><span class=\"s11\">ste<\/span><span class=\"s11\">municipio.<\/span> <span class=\"s11\">Ahora prepara <\/span><span class=\"s13\">Canci\u00f3n breve para la eternidad<\/span><span class=\"s11\">, sobre los \u00faltimos d\u00edas de Jos\u00e9 Luj\u00e1n P\u00e9rez<\/span><span class=\"s11\">, <\/span><span class=\"s11\">el guiense m\u00e1s universal<\/span><span class=\"s11\">.<\/span><\/p>\n<p class=\"s12\"><span class=\"s11\">Su teatro ha sido reconocido m\u00e1s all\u00e1 de las fronteras municipales: con <\/span><span class=\"s13\">Ojos de ola<\/span><span class=\"s11\"> gan\u00f3 el Laboratorio de Escritura Teatral 2019 de Canarias Escribe Teatro, y su trayectoria sigue creciendo con <\/span><span class=\"s13\">Las estrellas fugitivas<\/span><span class=\"s11\">, estrenada en 2026.<\/span><\/p>\n<p><i class=\"x-icon-tags\" data-x-icon-s=\"\uf02c\"><\/i>Etiquetas:<a href=\"https:\/\/santamariadeguia.es\/tag\/guia-de-gran-canaria\/\" rel=\"tag\">Gu\u00eda de Gran Canaria<\/a>, <a href=\"https:\/\/santamariadeguia.es\/tag\/sergio-aguiar-castellano\/\" rel=\"tag\">Sergio Aguiar Castellano<\/a>, <a href=\"https:\/\/santamariadeguia.es\/tag\/pregon\/\" rel=\"tag\">Preg\u00f3n<\/a>, <a href=\"https:\/\/santamariadeguia.es\/tag\/fiestas-de-la-virgen\/\" rel=\"tag\">Fiestas de la Virgen<\/a>, <a href=\"https:\/\/santamariadeguia.es\/tag\/fiestas-de-la-virgen-2026\/\" rel=\"tag\">Fiestas de la Virgen 2026<\/a>, <a href=\"https:\/\/santamariadeguia.es\/tag\/javier-estevez\/\" rel=\"tag\">Javier Est\u00e9vez<\/a><\/p>\n","protected":false},"excerpt":{"rendered":"<p>\u25cf El acto se celebrar\u00e1 \u00a0a las 21:00 horas en la Plaza Grande y marcar\u00e1 el arranque de la edici\u00f3n hist\u00f3rica de las fiestas patronales en el marco de la&hellip;<\/p>\n","protected":false},"author":6,"featured_media":77,"comment_status":"open","ping_status":"open","sticky":false,"template":"","format":"standard","meta":{"wpai_generated_summary":"","wpai_meta_description":"","footnotes":""},"categories":[138],"tags":[],"class_list":["post-76","post","type-post","status-publish","format-standard","has-post-thumbnail","hentry","category-ayuntamiento-de-santa-maria-de-guia"],"_links":{"self":[{"href":"https:\/\/nublo.tv\/index.php\/wp-json\/wp\/v2\/posts\/76","targetHints":{"allow":["GET"]}}],"collection":[{"href":"https:\/\/nublo.tv\/index.php\/wp-json\/wp\/v2\/posts"}],"about":[{"href":"https:\/\/nublo.tv\/index.php\/wp-json\/wp\/v2\/types\/post"}],"author":[{"embeddable":true,"href":"https:\/\/nublo.tv\/index.php\/wp-json\/wp\/v2\/users\/6"}],"replies":[{"embeddable":true,"href":"https:\/\/nublo.tv\/index.php\/wp-json\/wp\/v2\/comments?post=76"}],"version-history":[{"count":1,"href":"https:\/\/nublo.tv\/index.php\/wp-json\/wp\/v2\/posts\/76\/revisions"}],"predecessor-version":[{"id":507,"href":"https:\/\/nublo.tv\/index.php\/wp-json\/wp\/v2\/posts\/76\/revisions\/507"}],"wp:featuredmedia":[{"embeddable":true,"href":"https:\/\/nublo.tv\/index.php\/wp-json\/wp\/v2\/media\/77"}],"wp:attachment":[{"href":"https:\/\/nublo.tv\/index.php\/wp-json\/wp\/v2\/media?parent=76"}],"wp:term":[{"taxonomy":"category","embeddable":true,"href":"https:\/\/nublo.tv\/index.php\/wp-json\/wp\/v2\/categories?post=76"},{"taxonomy":"post_tag","embeddable":true,"href":"https:\/\/nublo.tv\/index.php\/wp-json\/wp\/v2\/tags?post=76"}],"curies":[{"name":"wp","href":"https:\/\/api.w.org\/{rel}","templated":true}]}}