{"id":772,"date":"2026-08-05T18:43:38","date_gmt":"2026-08-05T17:43:38","guid":{"rendered":"https:\/\/nublo.tv\/?p=772"},"modified":"2026-08-05T18:43:38","modified_gmt":"2026-08-05T17:43:38","slug":"el-gobierno-declara-la-situacion-de-prealerta-por-fenomenos-costeros-en-islas-occidentales-y-gran-canaria","status":"publish","type":"post","link":"https:\/\/nublo.tv\/index.php\/2026\/08\/05\/el-gobierno-declara-la-situacion-de-prealerta-por-fenomenos-costeros-en-islas-occidentales-y-gran-canaria\/","title":{"rendered":"El Gobierno declara la situaci\u00f3n de prealerta por fen\u00f3menos costeros en islas occidentales y Gran Canaria"},"content":{"rendered":"<p><img decoding=\"async\" width=\"900\" height=\"900\" src=\"https:\/\/www.112canarias.com\/112\/wp-content\/uploads\/2026\/07\/Prealerta-Costeros-LP-LG-EH-TF-GC.jpg\" class=\"attachment-large size-large wp-post-image\" alt=\"Prealerta Costeros LP LG EH TF GC\" style=\"float:left;margin:0 15px 15px 0\" loading=\"lazy\" \/><img decoding=\"async\" width=\"300\" height=\"300\" src=\"https:\/\/www.112canarias.com\/112\/wp-content\/uploads\/2026\/07\/Prealerta-Costeros-LP-LG-EH-TF-GC-300x300.jpg\" class=\"attachment-thumbnail size-thumbnail wp-post-image\" alt=\"Prealerta Costeros LP LG EH TF GC\" loading=\"lazy\" \/>El Gobierno de Canarias, a trav\u00e9s de la Direcci\u00f3n General de Emergencias, declara la situaci\u00f3n de prealerta por fen\u00f3menos costeros en El Hierro, La Gomera, La Palma y los litorales orientados al sur de Tenerife y Gran Canaria, a partir de las 00:00 horas de&#8230;<\/p>\n","protected":false},"excerpt":{"rendered":"<p>El Gobierno de Canarias, a trav\u00e9s de la Direcci\u00f3n General de Emergencias, declara la situaci\u00f3n de prealerta por fen\u00f3menos costeros en El Hierro, La Gomera, La Palma y los litorales&hellip;<\/p>\n","protected":false},"author":1,"featured_media":1254,"comment_status":"open","ping_status":"open","sticky":false,"template":"","format":"standard","meta":{"wpai_generated_summary":"","wpai_meta_description":"","footnotes":""},"categories":[121],"tags":[],"class_list":["post-772","post","type-post","status-publish","format-standard","has-post-thumbnail","hentry","category-noticias"],"_links":{"self":[{"href":"https:\/\/nublo.tv\/index.php\/wp-json\/wp\/v2\/posts\/772","targetHints":{"allow":["GET"]}}],"collection":[{"href":"https:\/\/nublo.tv\/index.php\/wp-json\/wp\/v2\/posts"}],"about":[{"href":"https:\/\/nublo.tv\/index.php\/wp-json\/wp\/v2\/types\/post"}],"author":[{"embeddable":true,"href":"https:\/\/nublo.tv\/index.php\/wp-json\/wp\/v2\/users\/1"}],"replies":[{"embeddable":true,"href":"https:\/\/nublo.tv\/index.php\/wp-json\/wp\/v2\/comments?post=772"}],"version-history":[{"count":1,"href":"https:\/\/nublo.tv\/index.php\/wp-json\/wp\/v2\/posts\/772\/revisions"}],"predecessor-version":[{"id":1053,"href":"https:\/\/nublo.tv\/index.php\/wp-json\/wp\/v2\/posts\/772\/revisions\/1053"}],"wp:featuredmedia":[{"embeddable":true,"href":"https:\/\/nublo.tv\/index.php\/wp-json\/wp\/v2\/media\/1254"}],"wp:attachment":[{"href":"https:\/\/nublo.tv\/index.php\/wp-json\/wp\/v2\/media?parent=772"}],"wp:term":[{"taxonomy":"category","embeddable":true,"href":"https:\/\/nublo.tv\/index.php\/wp-json\/wp\/v2\/categories?post=772"},{"taxonomy":"post_tag","embeddable":true,"href":"https:\/\/nublo.tv\/index.php\/wp-json\/wp\/v2\/tags?post=772"}],"curies":[{"name":"wp","href":"https:\/\/api.w.org\/{rel}","templated":true}]}}