{"id":773,"date":"2026-08-05T18:43:37","date_gmt":"2026-08-05T17:43:37","guid":{"rendered":"https:\/\/nublo.tv\/?p=773"},"modified":"2026-08-05T18:43:37","modified_gmt":"2026-08-05T17:43:37","slug":"el-gobierno-pone-en-alerta-maxima-a-gran-canaria-por-altas-temperaturas-y-riesgo-de-incendios-forestales","status":"publish","type":"post","link":"https:\/\/nublo.tv\/index.php\/2026\/08\/05\/el-gobierno-pone-en-alerta-maxima-a-gran-canaria-por-altas-temperaturas-y-riesgo-de-incendios-forestales\/","title":{"rendered":"El Gobierno pone en alerta m\u00e1xima a Gran Canaria por altas temperaturas y riesgo de incendios forestales"},"content":{"rendered":"<p><img decoding=\"async\" width=\"1024\" height=\"576\" src=\"https:\/\/www.112canarias.com\/112\/wp-content\/uploads\/2026\/08\/Sala-operativa-112-Canarias-1024x576.jpeg\" class=\"attachment-large size-large wp-post-image\" alt=\"\" style=\"float:left;margin:0 15px 15px 0\" loading=\"lazy\" \/><img decoding=\"async\" width=\"300\" height=\"300\" src=\"https:\/\/www.112canarias.com\/112\/wp-content\/uploads\/2026\/08\/Sala-operativa-112-Canarias-300x300.jpeg\" class=\"attachment-thumbnail size-thumbnail wp-post-image\" alt=\"\" loading=\"lazy\" \/>En el resto del archipi\u00e9lago se mantendr\u00e1 la situaci\u00f3n de alerta por el calor y en las islas occidentales permanecer\u00e1 vigente la alerta por riesgo de incendios forestales La previsi\u00f3n meteorol\u00f3gica incluye tambi\u00e9n importantes rachas de viento que afectar\u00e1n sobre todo a las vertientes sureste&#8230;<\/p>\n","protected":false},"excerpt":{"rendered":"<p>En el resto del archipi\u00e9lago se mantendr\u00e1 la situaci\u00f3n de alerta por el calor y en las islas occidentales permanecer\u00e1 vigente la alerta por riesgo de incendios forestales La previsi\u00f3n&hellip;<\/p>\n","protected":false},"author":1,"featured_media":1253,"comment_status":"open","ping_status":"open","sticky":false,"template":"","format":"standard","meta":{"wpai_generated_summary":"","wpai_meta_description":"","footnotes":""},"categories":[121],"tags":[],"class_list":["post-773","post","type-post","status-publish","format-standard","has-post-thumbnail","hentry","category-noticias"],"_links":{"self":[{"href":"https:\/\/nublo.tv\/index.php\/wp-json\/wp\/v2\/posts\/773","targetHints":{"allow":["GET"]}}],"collection":[{"href":"https:\/\/nublo.tv\/index.php\/wp-json\/wp\/v2\/posts"}],"about":[{"href":"https:\/\/nublo.tv\/index.php\/wp-json\/wp\/v2\/types\/post"}],"author":[{"embeddable":true,"href":"https:\/\/nublo.tv\/index.php\/wp-json\/wp\/v2\/users\/1"}],"replies":[{"embeddable":true,"href":"https:\/\/nublo.tv\/index.php\/wp-json\/wp\/v2\/comments?post=773"}],"version-history":[{"count":1,"href":"https:\/\/nublo.tv\/index.php\/wp-json\/wp\/v2\/posts\/773\/revisions"}],"predecessor-version":[{"id":1054,"href":"https:\/\/nublo.tv\/index.php\/wp-json\/wp\/v2\/posts\/773\/revisions\/1054"}],"wp:featuredmedia":[{"embeddable":true,"href":"https:\/\/nublo.tv\/index.php\/wp-json\/wp\/v2\/media\/1253"}],"wp:attachment":[{"href":"https:\/\/nublo.tv\/index.php\/wp-json\/wp\/v2\/media?parent=773"}],"wp:term":[{"taxonomy":"category","embeddable":true,"href":"https:\/\/nublo.tv\/index.php\/wp-json\/wp\/v2\/categories?post=773"},{"taxonomy":"post_tag","embeddable":true,"href":"https:\/\/nublo.tv\/index.php\/wp-json\/wp\/v2\/tags?post=773"}],"curies":[{"name":"wp","href":"https:\/\/api.w.org\/{rel}","templated":true}]}}