{"id":774,"date":"2026-08-05T18:43:38","date_gmt":"2026-08-05T17:43:38","guid":{"rendered":"https:\/\/nublo.tv\/?p=774"},"modified":"2026-08-05T18:43:38","modified_gmt":"2026-08-05T17:43:38","slug":"el-gobierno-actualiza-la-situacion-pasando-a-alerta-maxima-por-riesgo-de-incendios-forestales-en-gran-canaria","status":"publish","type":"post","link":"https:\/\/nublo.tv\/index.php\/2026\/08\/05\/el-gobierno-actualiza-la-situacion-pasando-a-alerta-maxima-por-riesgo-de-incendios-forestales-en-gran-canaria\/","title":{"rendered":"El Gobierno actualiza la situaci\u00f3n pasando a alerta m\u00e1xima por riesgo de incendios forestales en Gran Canaria"},"content":{"rendered":"<p><img decoding=\"async\" width=\"884\" height=\"887\" src=\"https:\/\/www.112canarias.com\/112\/wp-content\/uploads\/2026\/08\/Situacion-de-alerta-maxima-por-riesgo-de-incendios-forestales-en-Gran-Canaria.png\" class=\"attachment-large size-large wp-post-image\" alt=\"\" style=\"float:left;margin:0 15px 15px 0\" loading=\"lazy\" \/><img decoding=\"async\" width=\"300\" height=\"300\" src=\"https:\/\/www.112canarias.com\/112\/wp-content\/uploads\/2026\/08\/Situacion-de-alerta-maxima-por-riesgo-de-incendios-forestales-en-Gran-Canaria-300x300.png\" class=\"attachment-thumbnail size-thumbnail wp-post-image\" alt=\"\" loading=\"lazy\" \/>Las islas occidentales permanecer\u00e1n en situaci\u00f3n de alerta El Gobierno de Canarias, a trav\u00e9s de la Direcci\u00f3n General de Emergencias, actualiza la situaci\u00f3n pasando a alerta m\u00e1xima por riesgo de incendios forestales en Gran Canaria, a partir de la cota de 400 metros, desde las&#8230;<\/p>\n","protected":false},"excerpt":{"rendered":"<p>Las islas occidentales permanecer\u00e1n en situaci\u00f3n de alerta El Gobierno de Canarias, a trav\u00e9s de la Direcci\u00f3n General de Emergencias, actualiza la situaci\u00f3n pasando a alerta m\u00e1xima por riesgo de&hellip;<\/p>\n","protected":false},"author":1,"featured_media":1252,"comment_status":"open","ping_status":"open","sticky":false,"template":"","format":"standard","meta":{"wpai_generated_summary":"","wpai_meta_description":"","footnotes":""},"categories":[121],"tags":[],"class_list":["post-774","post","type-post","status-publish","format-standard","has-post-thumbnail","hentry","category-noticias"],"_links":{"self":[{"href":"https:\/\/nublo.tv\/index.php\/wp-json\/wp\/v2\/posts\/774","targetHints":{"allow":["GET"]}}],"collection":[{"href":"https:\/\/nublo.tv\/index.php\/wp-json\/wp\/v2\/posts"}],"about":[{"href":"https:\/\/nublo.tv\/index.php\/wp-json\/wp\/v2\/types\/post"}],"author":[{"embeddable":true,"href":"https:\/\/nublo.tv\/index.php\/wp-json\/wp\/v2\/users\/1"}],"replies":[{"embeddable":true,"href":"https:\/\/nublo.tv\/index.php\/wp-json\/wp\/v2\/comments?post=774"}],"version-history":[{"count":1,"href":"https:\/\/nublo.tv\/index.php\/wp-json\/wp\/v2\/posts\/774\/revisions"}],"predecessor-version":[{"id":1055,"href":"https:\/\/nublo.tv\/index.php\/wp-json\/wp\/v2\/posts\/774\/revisions\/1055"}],"wp:featuredmedia":[{"embeddable":true,"href":"https:\/\/nublo.tv\/index.php\/wp-json\/wp\/v2\/media\/1252"}],"wp:attachment":[{"href":"https:\/\/nublo.tv\/index.php\/wp-json\/wp\/v2\/media?parent=774"}],"wp:term":[{"taxonomy":"category","embeddable":true,"href":"https:\/\/nublo.tv\/index.php\/wp-json\/wp\/v2\/categories?post=774"},{"taxonomy":"post_tag","embeddable":true,"href":"https:\/\/nublo.tv\/index.php\/wp-json\/wp\/v2\/tags?post=774"}],"curies":[{"name":"wp","href":"https:\/\/api.w.org\/{rel}","templated":true}]}}