{"id":78,"date":"2026-08-04T17:35:23","date_gmt":"2026-08-04T16:35:23","guid":{"rendered":"https:\/\/nublo.tv\/?p=78"},"modified":"2026-08-04T17:35:23","modified_gmt":"2026-08-04T16:35:23","slug":"guia-celebra-un-fin-de-semana-de-literatura-musica-y-folclore-dentro-de-las-fiestas-de-la-virgen-2026","status":"publish","type":"post","link":"https:\/\/nublo.tv\/index.php\/2026\/08\/04\/guia-celebra-un-fin-de-semana-de-literatura-musica-y-folclore-dentro-de-las-fiestas-de-la-virgen-2026\/","title":{"rendered":"Gu\u00eda celebra un fin de semana de literatura, m\u00fasica y folclore dentro de las fiestas de La Virgen 2026"},"content":{"rendered":"<p>\u25cf <strong>El Festival Kanarii ofrecer\u00e1 el s\u00e1bado una mesa redonda dedicada centrada en figuras como Eugenio Su\u00e1rez-Galb\u00e1n, Domingo Rivero o Rafael Bento y Travieso, y un encuentro musical en la Plaza de Gu\u00eda, mientras que el domingo comenzar\u00e1 el XXXIII Festival Nacional de Folklore Isla de Gran Canaria<\/strong><br \/>\nGu\u00eda de Gran Canaria acoge este fin de semana una amplia programaci\u00f3n cultural enmarcada en las fiestas de La Virgen de Gu\u00eda 2026. La agenda comenzar\u00e1 el s\u00e1bado 1 de agosto con las dos propuestas que integran el Festival Kanarii, un encuentro de lecturas y voces que combinar\u00e1 literatura, conversaci\u00f3n y m\u00fasica, y continuar\u00e1 el domingo con el inicio del XXXIII Festival Nacional de Folklore Isla de Gran Canaria.<br \/>\nLa primera actividad del Festival Kanarii tendr\u00e1 lugar el s\u00e1bado, a las 11:00 horas, en la Casa de la Cultura, bajo el t\u00edtulo \u2018Gu\u00eda lee el Atl\u00e1ntico. Lecturas de ida y vuelta con N\u00e9stor \u00c1lamo\u2019.<br \/>\nEl encuentro se desarrollar\u00e1 en formato de mesa redonda y servir\u00e1 como espacio de debate, discusi\u00f3n y conversaci\u00f3n en torno a la literatura, la cultura y los v\u00ednculos que conectan ambas orillas del Atl\u00e1ntico.<br \/>\nEn la sesi\u00f3n, intervendr\u00e1n Ar\u00e1nzazu Almeida, Sergio Aguiar y Juli\u00e1n Meli\u00e1n, que abordar\u00e1n las relaciones literarias y culturales vinculadas a autores como Eugenio Su\u00e1rez-Galb\u00e1n, Domingo Rivero y Rafael Bento y Travieso, conocido como el poeta Bento.<\/p>\n<p>La programaci\u00f3n del Festival Kanarii continuar\u00e1 a las 21:00 horas en la Plaza de Gu\u00eda con un encuentro musical protagonizado por las formaciones Vocal Vidas, Nuevos Aires y Kanarii. La propuesta reunir\u00e1 distintas voces y estilos sobre el escenario en una velada abierta al p\u00fablico.<br \/>\n<strong>El folclore toma el relevo el domingo<\/strong><br \/>\nLos actos culturales continuar\u00e1n el domingo 2 de agosto con la primera jornada del XXXIII Festival Nacional de Folklore Isla de Gran Canaria.<br \/>\nLa programaci\u00f3n comenzar\u00e1 a las 11:30 horas con la recepci\u00f3n de los grupos participantes en el Teatro Hesp\u00e9rides. Posteriormente, a las 12:45 horas, tendr\u00e1 lugar en el frontis de la iglesia el tradicional izado de las banderas de las comunidades participantes.<br \/>\nA partir de las 13:00 horas, la Plaza Grande acoger\u00e1 la actuaci\u00f3n de los grupos folcl\u00f3ricos y una degustaci\u00f3n de productos t\u00edpicos. En esta jornada participar\u00e1 la Agrupaci\u00f3n M\u00fasico-Cultural Timbayba, procedente de Tinajo, Lanzarote.<br \/>\nEl festival continuar\u00e1 el martes 4 de agosto, a las 21:00 horas, en la Plaza Grande, con las actuaciones del Grupo de Folklore La Serrana de Piornal, de C\u00e1ceres; la Agrupaci\u00f3n Folkl\u00f3rica San Crist\u00f3bal, de Las Palmas de Gran Canaria; y la Asociaci\u00f3n Cultural y Recreativa Estrella y Gu\u00eda.<br \/>\nEl Ayuntamiento de Gu\u00eda de Gran Canaria invita a vecinos, visitantes y participantes en las fiestas a disfrutar de este programa, que re\u00fane literatura, m\u00fasica y tradiciones populares en diferentes espacios culturales y p\u00fablicos del municipio.<\/p>\n","protected":false},"excerpt":{"rendered":"<p>\u25cf El Festival Kanarii ofrecer\u00e1 el s\u00e1bado una mesa redonda dedicada centrada en figuras como Eugenio Su\u00e1rez-Galb\u00e1n, Domingo Rivero o Rafael Bento y Travieso, y un encuentro musical en la&hellip;<\/p>\n","protected":false},"author":6,"featured_media":80,"comment_status":"open","ping_status":"open","sticky":false,"template":"","format":"standard","meta":{"wpai_generated_summary":"","wpai_meta_description":"","footnotes":""},"categories":[138],"tags":[],"class_list":["post-78","post","type-post","status-publish","format-standard","has-post-thumbnail","hentry","category-ayuntamiento-de-santa-maria-de-guia"],"_links":{"self":[{"href":"https:\/\/nublo.tv\/index.php\/wp-json\/wp\/v2\/posts\/78","targetHints":{"allow":["GET"]}}],"collection":[{"href":"https:\/\/nublo.tv\/index.php\/wp-json\/wp\/v2\/posts"}],"about":[{"href":"https:\/\/nublo.tv\/index.php\/wp-json\/wp\/v2\/types\/post"}],"author":[{"embeddable":true,"href":"https:\/\/nublo.tv\/index.php\/wp-json\/wp\/v2\/users\/6"}],"replies":[{"embeddable":true,"href":"https:\/\/nublo.tv\/index.php\/wp-json\/wp\/v2\/comments?post=78"}],"version-history":[{"count":1,"href":"https:\/\/nublo.tv\/index.php\/wp-json\/wp\/v2\/posts\/78\/revisions"}],"predecessor-version":[{"id":509,"href":"https:\/\/nublo.tv\/index.php\/wp-json\/wp\/v2\/posts\/78\/revisions\/509"}],"wp:featuredmedia":[{"embeddable":true,"href":"https:\/\/nublo.tv\/index.php\/wp-json\/wp\/v2\/media\/80"}],"wp:attachment":[{"href":"https:\/\/nublo.tv\/index.php\/wp-json\/wp\/v2\/media?parent=78"}],"wp:term":[{"taxonomy":"category","embeddable":true,"href":"https:\/\/nublo.tv\/index.php\/wp-json\/wp\/v2\/categories?post=78"},{"taxonomy":"post_tag","embeddable":true,"href":"https:\/\/nublo.tv\/index.php\/wp-json\/wp\/v2\/tags?post=78"}],"curies":[{"name":"wp","href":"https:\/\/api.w.org\/{rel}","templated":true}]}}