{"id":79,"date":"2026-08-04T17:37:06","date_gmt":"2026-08-04T16:37:06","guid":{"rendered":"https:\/\/nublo.tv\/?p=79"},"modified":"2026-08-04T17:37:06","modified_gmt":"2026-08-04T16:37:06","slug":"galdar-se-engalana-para-rendir-culto-a-santiago-en-su-dia-grande","status":"publish","type":"post","link":"https:\/\/nublo.tv\/index.php\/2026\/08\/04\/galdar-se-engalana-para-rendir-culto-a-santiago-en-su-dia-grande\/","title":{"rendered":"G\u00e1ldar se engalana para rendir culto a Santiago en su d\u00eda grande"},"content":{"rendered":"<p>\u2013 Miles de personas se dan cita para procesionar a su Santo Patr\u00f3n en una jornada cargada de tradici\u00f3n, fe y devoci\u00f3n<\/p>\n<p>G\u00e1ldar se vuelve a iluminar en el d\u00eda grande en honor a Santiago celebrando la Eucarist\u00eda Solemne en el Templo Santuario y a continuaci\u00f3n la Procesi\u00f3n de Santiago de Los Caballeros recorriendo las calles del casco hist\u00f3rico de la ciudad. Miles de galdenses acuden cada a\u00f1o entre familia y amigos a rendir culto a su Santo Patr\u00f3n manteniendo viva la tradici\u00f3n, la historia y la devoci\u00f3n del municipio en la jornada m\u00e1s especial de la programaci\u00f3n de las Fiestas Mayores de Santiago.<\/p>\n<p>El alcalde de G\u00e1ldar, Teodoro Sosa, acompa\u00f1ado por los alcaldes de las ciudades hermanas de Telde y de Santa Mar\u00eda de Gu\u00eda, Juan Antonio Pe\u00f1a y Alfredo Gon\u00e7alves y la presidenta de la Mancomunidad de Municipios Gallegos del Camino Franc\u00e9s y teniente de alcalde de Arz\u00faa, Bego\u00f1a Balado, el primer teniente de alcalde de la ciudad, Julio Mateo Castillo y el resto de la Corporaci\u00f3n Municipal part\u00edan desde las Casas Consistoriales.<\/p>\n<p>Formando parte de la comitiva los acompa\u00f1aban el alcalde de Tejeda, Francisco Perera, el alcalde de La Aldea de San Nicol\u00e1s, Pedro Su\u00e1rez, el alcalde de Valleseco, Jos\u00e9 Luis Rodr\u00edguez, la alcaldesa de Agaete, Mar\u00eda del Carmen Rosario y la consejera de Industria, Comercio y Artesan\u00eda del Cabildo de Gran Canaria, Minerva Alonso entre concejales y otras autoridades.<\/p>\n<p>Tambi\u00e9n presentes en un acto tan significativo los Hijos Predilectos y Adoptivos, Medallas de Oro y Plata recientemente nombrados, representantes vecinales y de entidades del municipio, el pregonero de las 544\u00aa Fiestas Mayores de Santiago, el periodista Victorio P\u00e9rez y la Guayarmina y el Benteju\u00ed de las Fiestas 2026, Aitana Rodr\u00edguez y Edgar Bola\u00f1os.<\/p>\n<p>Numerosos fieles se encontraban ya en el Templo Santuario de Santiago para asistir a la Eucarist\u00eda oficiada por el Obispo de Canarias, Jos\u00e9 Mazuelos P\u00e9rez junto al rector Manuel Reyes Brito, en una ceremonia muy especial que ten\u00eda muy presente el A\u00f1o Santo Jacobeo 2027 y la intensidad y devoci\u00f3n con la que G\u00e1ldar se prepara para recibir esta efem\u00e9ride.<\/p>\n<p>Don Jos\u00e9 Mazuelos recordaba en su homil\u00eda el mensaje del Papa Le\u00f3n XIV en su reciente visita a Canarias que afirmaba que esta tierra, \u201cfrontera entre continentes est\u00e1 llamada a ser puente de esperanza y puerta de fraternidad,\u201d que debemos encontrar a Cristo \u201cen los pobres, en los inmigrantes, los descartados y los que viven sin esperanza,\u201d un mensaje que precisamente, dec\u00eda, \u201cconecta profundamente con la figura de Santiago, al que hoy celebramos.\u201d<\/p>\n<p>Mazuelos aseguraba que \u201cvivimos un momento que nos exige ser valientes,\u201d en un mundo en el que abunda \u201cla soledad, las divisiones sociales, la p\u00e9rdida de esperanza\u201d e invitaba \u201ca no resignarnos, a no vivir una fe reducida a la intimidad, a servir a los dem\u00e1s,\u201d tal y como hizo el Ap\u00f3stol Santiago.<\/p>\n<p>Recordaba adem\u00e1s que \u201cesta ciudad de G\u00e1ldar representa una parte esencial de la evangelizaci\u00f3n en Canarias, aqu\u00ed la fe ech\u00f3 ra\u00edces profundas, aqu\u00ed sentimos esa llamada con especial intensidad. No podemos vivir de la memoria y el mejor homenaje a nuestros mayores es seguir transmitiendo su fe.\u201d<\/p>\n<p>Llegaba entonces el momento de la procesi\u00f3n, con el Santo portado en esta ocasi\u00f3n a hombros de sus cargadores y arropado por multitud de feligreses recorriendo las calles Reyes Cat\u00f3licos, Gumidafe, Guaires, Andamana, Facaracas, Tagoror y Plaza de Santiago. Numerosos vecinos a pie de calle o desde balcones y ventanas lanzaban v\u00edtores a Santiago en su d\u00eda grande, ruegos y plegarias, falqueado por la Banda de Guerra, Secci\u00f3n de Honores y los Gastadores de la Brigada Canarias XVI con el teniente Rueda al mando.<\/p>\n<p>Cerrando la comitiva, la Banda Municipal de M\u00fasica de la Real Ciudad de G\u00e1ldar. La imagen regresaba a continuaci\u00f3n al Templo entre voladores y salvas protagonizando uno de los momentos de mayor tradici\u00f3n y devoci\u00f3n e las fiestas.<\/p>\n","protected":false},"excerpt":{"rendered":"<p>\u2013 Miles de personas se dan cita para procesionar a su Santo Patr\u00f3n en una jornada cargada de tradici\u00f3n, fe y devoci\u00f3nG\u00e1ldar se vuelve a iluminar en el d\u00eda grande&hellip;<\/p>\n","protected":false},"author":2,"featured_media":81,"comment_status":"open","ping_status":"open","sticky":false,"template":"","format":"standard","meta":{"wpai_generated_summary":"","wpai_meta_description":"","footnotes":""},"categories":[129],"tags":[],"class_list":["post-79","post","type-post","status-publish","format-standard","has-post-thumbnail","hentry","category-ayuntamiento-de-galdar"],"_links":{"self":[{"href":"https:\/\/nublo.tv\/index.php\/wp-json\/wp\/v2\/posts\/79","targetHints":{"allow":["GET"]}}],"collection":[{"href":"https:\/\/nublo.tv\/index.php\/wp-json\/wp\/v2\/posts"}],"about":[{"href":"https:\/\/nublo.tv\/index.php\/wp-json\/wp\/v2\/types\/post"}],"author":[{"embeddable":true,"href":"https:\/\/nublo.tv\/index.php\/wp-json\/wp\/v2\/users\/2"}],"replies":[{"embeddable":true,"href":"https:\/\/nublo.tv\/index.php\/wp-json\/wp\/v2\/comments?post=79"}],"version-history":[{"count":1,"href":"https:\/\/nublo.tv\/index.php\/wp-json\/wp\/v2\/posts\/79\/revisions"}],"predecessor-version":[{"id":570,"href":"https:\/\/nublo.tv\/index.php\/wp-json\/wp\/v2\/posts\/79\/revisions\/570"}],"wp:featuredmedia":[{"embeddable":true,"href":"https:\/\/nublo.tv\/index.php\/wp-json\/wp\/v2\/media\/81"}],"wp:attachment":[{"href":"https:\/\/nublo.tv\/index.php\/wp-json\/wp\/v2\/media?parent=79"}],"wp:term":[{"taxonomy":"category","embeddable":true,"href":"https:\/\/nublo.tv\/index.php\/wp-json\/wp\/v2\/categories?post=79"},{"taxonomy":"post_tag","embeddable":true,"href":"https:\/\/nublo.tv\/index.php\/wp-json\/wp\/v2\/tags?post=79"}],"curies":[{"name":"wp","href":"https:\/\/api.w.org\/{rel}","templated":true}]}}