{"id":82,"date":"2026-08-04T17:35:23","date_gmt":"2026-08-04T16:35:23","guid":{"rendered":"https:\/\/nublo.tv\/?p=82"},"modified":"2026-08-04T17:35:23","modified_gmt":"2026-08-04T16:35:23","slug":"cafe-quijano-y-coti-protagonizan-las-grandes-citas-musicales-de-las-fiestas-de-la-virgen-2026","status":"publish","type":"post","link":"https:\/\/nublo.tv\/index.php\/2026\/08\/04\/cafe-quijano-y-coti-protagonizan-las-grandes-citas-musicales-de-las-fiestas-de-la-virgen-2026\/","title":{"rendered":"Caf\u00e9 Quijano y Coti protagonizan las grandes citas musicales de las Fiestas de La Virgen 2026"},"content":{"rendered":"<p><strong>\u00a0<\/strong><strong>Gu\u00eda, 29 de julio de 2026.-<\/strong> Gu\u00eda tiene todo listo ya para celebrar por todo lo alto sus Fiestas Patronales en honor a La Virgen en el a\u00f1o del 500 aniversario de la fundaci\u00f3n del municipio. El alcalde y responsable del \u00e1rea de Festejos, Alfredo Gon\u00e7alves Ferreira, acompa\u00f1ado del concejal de Cultura y Deportes, Juli\u00e1n Meli\u00e1n, y el cura p\u00e1rroco, Jos\u00e9 Luis Rodr\u00edguez, presentaron hoy el programa festivo que se celebrar\u00e1 del 31 de julio al 29 de agosto. En el mismo acto se present\u00f3, tambi\u00e9n, el cartel del XXXIII Festival Nacional de Folklore Isla de Gran Canaria, a cargo de David Vega,\u00a0 vicepresidente de la Asociaci\u00f3n Cultural y Recreativa Estrella y Gu\u00eda, organizadora de este evento en colaboraci\u00f3n con el Ayuntamiento de Gu\u00eda.<\/p>\n<p>Este a\u00f1o las\u00a0 fiestas patronales cobran, en palabras del alcalde, una especial relevancia \u201cporque la conmemoraci\u00f3n de estos cinco siglos \u00a0de la fundaci\u00f3n de nuestro municipio le otorgan un car\u00e1cter extraordinario y es nuestro deber aprovechar esta oportunidad para rendir homenaje a las generaciones de guienses que nos han precedido y que han hecho posible el municipio que hoy conocemos y del que debemos sentirnos inmensamente orgullosos\u201d. En\u00a0 tal sentido, destac\u00f3 la elecci\u00f3n de los pregoneros de este a\u00f1o, el archivero municipal y cronista oficial del municipio, Sergio Aguiar, y el ge\u00f3grafo municipal y escritor, Javier Est\u00e9vez, \u201cporque ejemplifican con su trayectoria personal y profesional, el esp\u00edritu de los guienses que, m\u00e1s all\u00e1 de su trabajo, aman a este municipio, se sienten orgullosos de \u00e9l, de su historia, del legado que atesoramos y que, desde el lugar que ocupan,\u00a0 protegen y dan a conocer los valores que nos identifican como pueblo\u201d, subray\u00f3.<\/p>\n<p>El regidor guiense destac\u00f3 asimismo el esfuerzo que se ha realizado para la celebraci\u00f3n de estas fiestas, que este a\u00f1o se alargan casi un mes, con todos los actos gratuitos, \u201cpara lograr que sean emp\u00e1ticas, inclusivas e innovadoras\u201d en referencia a la ausencia de fuegos artificiales que este a\u00f1o se eliminan del programa, tanto en la v\u00edspera del d\u00eda principal, que este a\u00f1o se sustituir\u00e1n por un gran espect\u00e1culo visual, en el frontis de la Iglesia, como la traca de voladores del d\u00eda principal \u201cuna decisi\u00f3n que adoptamos por respeto a las personas y animales de compa\u00f1\u00eda para las que este ruido resulta muy perjudicial\u201d, se\u00f1al\u00f3.<\/p>\n<p>Por su parte, el concejal de Cultura, Juli\u00e1n Meli\u00e1n, destac\u00f3 tambi\u00e9n al inicio de su intervenci\u00f3n la elecci\u00f3n de los pregoneros de este a\u00f1o, se\u00f1alando que merecen el honor de abrir las fiestas patronales en el 500 aniversario del municipio ya que, asegur\u00f3, \u00a0la trayectoria de ambos les avala sobradamente para ser protagonistas de este arranque de las fiestas mayores en este a\u00f1o especial. El responsable municipal detall\u00f3 seguidamente el\u00a0 amplio programa de actos culturales y deportivos que se celebrar\u00e1n a lo largo de las pr\u00f3ximas semanas, destacando, entre otros, los actos de artistas locales como la exposici\u00f3n retrospectiva\u00a0 <em>Paisaje Interior<\/em> del pintor \u00a0Ge\u00f1o Aguiar, el lunes 3 de agosto,\u00a0 y la presentaci\u00f3n de <em>Las Cartas de Gu\u00eda<\/em>, del escritor Santiago Gil y la ilustradora Lorena Ossorio, el mi\u00e9rcoles 5 de agosto.<\/p>\n<p>Las Fiestas Patronales de La Virgen arrancar\u00e1n oficialmente este viernes 31 de julio, en la Plaza Grande de la Ciudad, a las 21:00 horas, con el Preg\u00f3n a cargo del cronista oficial y Medalla de Oro de la Ciudad, Sergio Aguiar Castellano, y el ge\u00f3grafo municipal y escritor Javier Est\u00e9vez.<\/p>\n<p>Este mismo escenario acoger\u00e1 al d\u00eda siguiente, este s\u00e1bado 1 de agosto,\u00a0 a partir de las 21:00 horas, en la Plaza Grande, el Festival Kanarii con las actuaciones de los grupos Kanarii, Cuarteto Vocal Vidas y Nuevos Aires. Este d\u00eda, adem\u00e1s, arrancar\u00e1 el primero de los 11 Pasacalles de Papag\u00fcevos que se celebrar\u00e1n en estas fiestas.<\/p>\n<p>Tambi\u00e9n este s\u00e1bado, en la Casa de la Cultura, dar\u00e1n comienzo las charlas que se celebrar\u00e1n bajo el ep\u00edgrafe <em>Gu\u00eda lee el Atl\u00e1ntico<\/em> y que arrancar\u00e1n con \u201cLecturas de ida y vuelta con N\u00e9stor \u00c1lamo\u201d.<\/p>\n<p>El Teatro Hesp\u00e9rides acoger\u00e1 este domingo 2 de agosto la recepci\u00f3n de los grupos participantes en el XXXIII Festival Nacional de Folklore Isla de Gran Canaria que este a\u00f1o contar\u00e1 con el grupo La Serrana de Piornal, de C\u00e1ceres, la Agrupaci\u00f3n Timbayba de Tinajo, de Lanzarote y la anfitriona, la A.C.R Estrella y Gu\u00eda. Tras el izado de banderas en el frontis de la Iglesia, a las 13:00 horas se podr\u00e1 disfrutar en la Plaza Grande de la actuaci\u00f3n de los grupos y una degustaci\u00f3n de productos t\u00edpicos. Este domingo se celebrar\u00e1, tambi\u00e9n, la Feria de Ganado, a partir de las 10:00 horas, en la explanada del pabell\u00f3n municipal.<\/p>\n<p>Por primera vez, el programa festivo incluye este a\u00f1o <em>De Tardeo en Gu\u00eda <\/em>y ser\u00e1 este domingo por la tarde, a partir de las 18:00 horas en la Plaza Grande, con las actuaciones de Los 600, Maldita EGB y Cuenta Atr\u00e1s.<\/p>\n<p>Ya el martes 4 de agosto se celebrar\u00e1 el d\u00eda principal del Festival Nacional de Folklore Isla de Gran Canaria con un gran espect\u00e1culo en la Plaza Grande de la ciudad,\u00a0 a partir de las 21:00 horas, donde se podr\u00e1 disfrutar de las actuaciones del grupo cacere\u00f1o La Serrana de Piornal, la agrupaci\u00f3n San Cristobal de Las Palmas de Gran Canaria y la anfitriona Estrella y Gu\u00eda.<\/p>\n<p>Entre los actos culturales m\u00e1s destacados del programa figura el Acto de Reconocimiento al Cabildo de Gran Canaria que se celebrar\u00e1 el jueves 6 de agosto en el Hesp\u00e9rides con motivo del 90 aniversario de la canci\u00f3n Sombra del Nublo, escrita por N\u00e9stor \u00c1lamo y elegida por la Instituci\u00f3n insular cono himno de Gran Canaria.<\/p>\n<p>Para el p\u00fablico infantil, los actos empiezan el martes 4 con castillos hinchables que continuar\u00e1n en el frontis de la Iglesia los d\u00edas 5,6, 7, 10 y 11, adem\u00e1s del espect\u00e1culo \u201cUna aventura en el oc\u00e9ano\u201d, tributo a Vaiana, en la Plaza Grande a partir de las 20:30 horas. Y para disfrutar en familia destacan tambi\u00e9n los pasacalles de papag\u00fcevos que llenar\u00e1n de m\u00fasica y colorido las calles del casco y San Roque durante las pr\u00f3ximas semanas.<\/p>\n<p>El viernes 7 de agosto tendr\u00e1 lugar otra de las citas m\u00e1s importantes \u00a0el Concierto de la Banda Municipal de M\u00fasica Ciudad de Gu\u00eda, a las 21:00 horas en la Plaza Grande, una velada festiva que continuar\u00e1 con el concierto del grupo \u00a0Calle Obispo al que seguir\u00e1 la actuaci\u00f3n de N\u00e9stor Le\u00f3n y su banda desde el frontis de la Iglesia.<\/p>\n<p>La buena m\u00fasica continuar\u00e1 sonando el s\u00e1bado 8 durante la celebraci\u00f3n de la Noche Joven que comenzar\u00e1 a partir de las 22.00 horas y contar\u00e1 con las actuaciones de Ra\u00fal Clyde, Christian cuervo, Supersonikka y Los Djs Evando y Zegar.<\/p>\n<p>Llegamos as\u00ed al domingo 9 de agosto con la celebraci\u00f3n del Festival del Humor Xayo, una de las propuestas m\u00e1s celebradas de cada edici\u00f3n de estas fiestas y que este a\u00f1o contar\u00e1 con las actuaciones de Mat\u00edas Alonso y Lili Quintana con Kiko Barroso como maestro de ceremonias.<\/p>\n<p>La m\u00fasica \u00a0volver\u00e1 a ser protagonista el martes 11 de agosto con el Festival Ra\u00edces Guienses que contar\u00e1 en esta ocasi\u00f3n con las voces de Sara Molina, Mar\u00eda Casal y Adonay D\u00edaz acompa\u00f1ados por la orquesta de las Escuelas Art\u00edsticas Ciudad de Gu\u00eda, La Bear Band, y de nuevo el mi\u00e9rcoles 13 con el espect\u00e1culo musical El Viaje de la mano de Kevin Carballo.<\/p>\n<p>Llegamos as\u00ed a una de las noches emblem\u00e1ticas de las fiestas mayores de Gu\u00eda, el 13 de agosto y la celebraci\u00f3n de la Cabalgata de Carrozas, dedicada este a\u00f1o a la historia de los Juegos Ol\u00edmpicos, a la que seguir\u00e1 el concierto de Adu\u00e9n Amaya.<\/p>\n<p>La v\u00edspera del d\u00eda principal, el viernes 14, concierto de Coti a partir de las 22:00 horas en la Plaza Grande y a su t\u00e9rmino verbena de amanecida con Star Music, Furia Joven y el Dj Airam Vega. \u00a0\u00a0A las 12 de la noche, en el frontis de la Iglesia se proyectar\u00e1 un gran videomapping\u00a0 en sustituci\u00f3n de los fuegos artificiales, pensando en el bienestar de las personas sensibles a los ruidos, animales y medio ambiente.<\/p>\n<p>El d\u00eda 15, el D\u00eda Grande de las fiestas, se celebrar\u00e1n por la ma\u00f1ana los tradicionales actos religiosos y a partir de las 18:00 horas dar\u00e1n comienzo la Carrera de Cintas y la Batalla de Flores, con pasacalles de papag\u00fcevos y la despedida de las Carrozas.\u00a0 A las 20:00 horas, el DJ Aithamy Vega abrir\u00e1 la noche festiva que continuar\u00e1 con el concierto de Caf\u00e9 Quijano, el grupo invitado este a\u00f1o, y a continuaci\u00f3n, verbena con los grupos La Mek\u00e1nica by Tamarindos, Leyenda Joven, DJ Javi Row y Pronova DJ.<\/p>\n<p>El 16 de agosto, d\u00eda del compatrono San Roque, tras los actos religiosos de la ma\u00f1ana, por la tarde todo el protagonismo ser\u00e1 para los tradicionales juegos infantiles, una velada festiva que se cerrar\u00e1 con el espect\u00e1culo de humor de Omayra Cazorla a partir de las 20:00 horas.<\/p>\n<p>Entre los actos m\u00e1s destacados en la festividad del compatrono figura la Charla de San Roque, el viernes 21, a cargo este a\u00f1o de la vecina del barrio Custodia S\u00e1nchez, una respetada y apreciada vecina del barrio y activa protagonista en la vida comunitaria. \u00a0Seguir\u00e1 a este acto el Encuentro de Solistas Sebasti\u00e1n Godoy \u2018Chanito\u2019 y el concierto del grupo \u00a0El \u00daltimo que cierre. El programa festivo continuar\u00e1 en San Roque hasta el domingo 23 de agosto, d\u00eda en que tambi\u00e9n se celebrar\u00e1 la fiesta de la Madrina en Roque Prieto, con una paella marinera y la tradicional fiesta de la espuma.<\/p>\n<p>El colof\u00f3n festivo tendr\u00e1 lugar el s\u00e1bado 29 de agosto con un el Encuentro Juvenil Ciudad de Gu\u00eda en el campo de f\u00fatbol Octavio Est\u00e9vez, un evento pensado para los m\u00e1s j\u00f3venes en la Ciudad Deportiva.<\/p>\n<p><i class=\"x-icon-tags\" data-x-icon-s=\"\uf02c\"><\/i>Etiquetas:<a href=\"https:\/\/santamariadeguia.es\/tag\/fiestas-de-la-virgen\/\" rel=\"tag\">Fiestas de la Virgen<\/a>, <a href=\"https:\/\/santamariadeguia.es\/tag\/fiestas-de-la-virgen-2026\/\" rel=\"tag\">Fiestas de la Virgen 2026<\/a>, <a href=\"https:\/\/santamariadeguia.es\/tag\/fiestas-de-guia\/\" rel=\"tag\">Fiestas de Gu\u00eda<\/a>, <a href=\"https:\/\/santamariadeguia.es\/tag\/santa-maria-de-guia\/\" rel=\"tag\">Santa Mar\u00eda de Gu\u00eda<\/a>, <a href=\"https:\/\/santamariadeguia.es\/tag\/alfredo-goncalves\/\" rel=\"tag\">Alfredo Gon\u00e7alves<\/a>, <a href=\"https:\/\/santamariadeguia.es\/tag\/guia-de-gran-canaria\/\" rel=\"tag\">Gu\u00eda de Gran Canaria<\/a>, <a href=\"https:\/\/santamariadeguia.es\/tag\/festejos\/\" rel=\"tag\">Festejos<\/a><\/p>\n","protected":false},"excerpt":{"rendered":"<p>\u00a0Gu\u00eda, 29 de julio de 2026.- Gu\u00eda tiene todo listo ya para celebrar por todo lo alto sus Fiestas Patronales en honor a La Virgen en el a\u00f1o del 500&hellip;<\/p>\n","protected":false},"author":6,"featured_media":83,"comment_status":"open","ping_status":"open","sticky":false,"template":"","format":"standard","meta":{"wpai_generated_summary":"","wpai_meta_description":"","footnotes":""},"categories":[138],"tags":[],"class_list":["post-82","post","type-post","status-publish","format-standard","has-post-thumbnail","hentry","category-ayuntamiento-de-santa-maria-de-guia"],"_links":{"self":[{"href":"https:\/\/nublo.tv\/index.php\/wp-json\/wp\/v2\/posts\/82","targetHints":{"allow":["GET"]}}],"collection":[{"href":"https:\/\/nublo.tv\/index.php\/wp-json\/wp\/v2\/posts"}],"about":[{"href":"https:\/\/nublo.tv\/index.php\/wp-json\/wp\/v2\/types\/post"}],"author":[{"embeddable":true,"href":"https:\/\/nublo.tv\/index.php\/wp-json\/wp\/v2\/users\/6"}],"replies":[{"embeddable":true,"href":"https:\/\/nublo.tv\/index.php\/wp-json\/wp\/v2\/comments?post=82"}],"version-history":[{"count":1,"href":"https:\/\/nublo.tv\/index.php\/wp-json\/wp\/v2\/posts\/82\/revisions"}],"predecessor-version":[{"id":523,"href":"https:\/\/nublo.tv\/index.php\/wp-json\/wp\/v2\/posts\/82\/revisions\/523"}],"wp:featuredmedia":[{"embeddable":true,"href":"https:\/\/nublo.tv\/index.php\/wp-json\/wp\/v2\/media\/83"}],"wp:attachment":[{"href":"https:\/\/nublo.tv\/index.php\/wp-json\/wp\/v2\/media?parent=82"}],"wp:term":[{"taxonomy":"category","embeddable":true,"href":"https:\/\/nublo.tv\/index.php\/wp-json\/wp\/v2\/categories?post=82"},{"taxonomy":"post_tag","embeddable":true,"href":"https:\/\/nublo.tv\/index.php\/wp-json\/wp\/v2\/tags?post=82"}],"curies":[{"name":"wp","href":"https:\/\/api.w.org\/{rel}","templated":true}]}}