{"id":8376,"date":"2026-08-27T13:50:03","date_gmt":"2026-08-27T12:50:03","guid":{"rendered":"https:\/\/nublo.tv\/?p=8376"},"modified":"2026-08-27T13:50:03","modified_gmt":"2026-08-27T12:50:03","slug":"la-vara-del-pescao-de-arinaga-cumple-30-anos-con-la-participacion-de-una-barquilla-lanzarotena","status":"publish","type":"post","link":"https:\/\/nublo.tv\/index.php\/2026\/08\/27\/la-vara-del-pescao-de-arinaga-cumple-30-anos-con-la-participacion-de-una-barquilla-lanzarotena\/","title":{"rendered":"La Var\u00e1 del Pescao de Arinaga cumple 30 a\u00f1os con la participaci\u00f3n de una barquilla lanzarote\u00f1a"},"content":{"rendered":"<p><strong>La Var\u00e1 del Pescao de Arinaga celebra este viernes 28 de agosto su 30\u00aa edici\u00f3n, una jornada que rinde homenaje a la tradici\u00f3n pesquera con el desfile de 18 barquillas, m\u00fasica y el reparto de 1.200 kilos de sardinas asadas.<\/strong><\/p>\n<p>La cita contar\u00e1 este a\u00f1o con la novedad de la barquilla \u2018Vicente Hern\u00e1ndez\u2019, llegada desde Punta Mujeres, en el municipio lanzarote\u00f1o de Har\u00eda. Sus diez integrantes, que habitualmente participan en romer\u00edas en Lanzarote, se suman al evento interesados en las tradiciones vinculadas al mar. Las 18 embarcaciones desfilar\u00e1n a lo largo de la jornada, mientras que el reparto de las sardinas se realizar\u00e1 en tres puntos fijos situados en la avenida de Los Pescadores.<\/p>\n<h3>Dispositivo de seguridad y programaci\u00f3n complementaria<\/h3>\n<p>Para garantizar el desarrollo del evento, se ha dise\u00f1ado un amplio dispositivo de seguridad compuesto por cerca de 200 profesionales de la Guardia Civil, Polic\u00eda Local, Polic\u00eda Canaria, seguridad privada y la unidad de drones del Ayuntamiento de Telde. En cuanto a la movilidad, se han habilitado aproximadamente 1.000 plazas de aparcamiento en distintas ubicaciones del n\u00facleo costero, entre ellas la zona industrial, el entorno del Canal y las inmediaciones del polideportivo.<\/p>\n<p>Los actos comenzar\u00e1n este jueves 28 de agosto con la Noche de Pinchos, que contar\u00e1 con una oferta gastron\u00f3mica y la actuaci\u00f3n de Tataband. Tras el d\u00eda central, la programaci\u00f3n continuar\u00e1 el s\u00e1bado 29 de agosto con actividades familiares como un torneo de petanca, el espect\u00e1culo infantil An\u00edbal el mago y propuestas musicales bajo la iniciativa Un verano al aire libre en la Caseta del Muelle. La celebraci\u00f3n concluir\u00e1 con una fiesta ochentera de Los 40 Classic en la plaza de Arinaga, que incluir\u00e1 las actuaciones de Ar\u00edstides Moreno &amp; 101 Brass Band, The GafaPasta y el DJ Juan Borr\u00e1s.<\/p>\n","protected":false},"excerpt":{"rendered":"<p>La tradicional romer\u00eda marinera contar\u00e1 con 18 barquillas y tres puntos de reparto de 1.200 kilos de sardinas asadas, en una jornada que dispondr\u00e1 de un amplio dispositivo de seguridad&hellip;<\/p>\n","protected":false},"author":1,"featured_media":8963,"comment_status":"open","ping_status":"open","sticky":false,"template":"","format":"standard","meta":{"wpai_generated_summary":"","wpai_meta_description":"","footnotes":""},"categories":[125],"tags":[],"class_list":["post-8376","post","type-post","status-publish","format-standard","has-post-thumbnail","hentry","category-ayuntamiento-de-aguimes"],"_links":{"self":[{"href":"https:\/\/nublo.tv\/index.php\/wp-json\/wp\/v2\/posts\/8376","targetHints":{"allow":["GET"]}}],"collection":[{"href":"https:\/\/nublo.tv\/index.php\/wp-json\/wp\/v2\/posts"}],"about":[{"href":"https:\/\/nublo.tv\/index.php\/wp-json\/wp\/v2\/types\/post"}],"author":[{"embeddable":true,"href":"https:\/\/nublo.tv\/index.php\/wp-json\/wp\/v2\/users\/1"}],"replies":[{"embeddable":true,"href":"https:\/\/nublo.tv\/index.php\/wp-json\/wp\/v2\/comments?post=8376"}],"version-history":[{"count":2,"href":"https:\/\/nublo.tv\/index.php\/wp-json\/wp\/v2\/posts\/8376\/revisions"}],"predecessor-version":[{"id":9113,"href":"https:\/\/nublo.tv\/index.php\/wp-json\/wp\/v2\/posts\/8376\/revisions\/9113"}],"wp:featuredmedia":[{"embeddable":true,"href":"https:\/\/nublo.tv\/index.php\/wp-json\/wp\/v2\/media\/8963"}],"wp:attachment":[{"href":"https:\/\/nublo.tv\/index.php\/wp-json\/wp\/v2\/media?parent=8376"}],"wp:term":[{"taxonomy":"category","embeddable":true,"href":"https:\/\/nublo.tv\/index.php\/wp-json\/wp\/v2\/categories?post=8376"},{"taxonomy":"post_tag","embeddable":true,"href":"https:\/\/nublo.tv\/index.php\/wp-json\/wp\/v2\/tags?post=8376"}],"curies":[{"name":"wp","href":"https:\/\/api.w.org\/{rel}","templated":true}]}}