{"id":84,"date":"2026-08-04T17:37:06","date_gmt":"2026-08-04T16:37:06","guid":{"rendered":"https:\/\/nublo.tv\/?p=84"},"modified":"2026-08-04T17:37:06","modified_gmt":"2026-08-04T16:37:06","slug":"la-vispera-de-santiago-ilumina-el-cielo-de-galdar","status":"publish","type":"post","link":"https:\/\/nublo.tv\/index.php\/2026\/08\/04\/la-vispera-de-santiago-ilumina-el-cielo-de-galdar\/","title":{"rendered":"La v\u00edspera de Santiago ilumina el cielo de G\u00e1ldar"},"content":{"rendered":"<p>\u2013 Un espect\u00e1culo de fuegos artificiales y juegos audiovisuales sobre el frontis de la iglesia, protagonista de una noche de conciertos, drones y diversi\u00f3n<\/p>\n<p>La v\u00edspera del d\u00eda grande de G\u00e1ldar convert\u00eda la ciudad en una fiesta de luz, fuegos artificiales y m\u00fasica en vivo. Las 544\u00aa Fiestas Mayores de Santiago convert\u00edan el frontis de la Iglesia en uno de los mayores espect\u00e1culos audiovisuales la noche del 24 de julio, preludio del d\u00eda en honor al Santo Patr\u00f3n.<\/p>\n<p>Impresionantes juegos de pirotecnia que iluminaban el cielo sobre la silueta del Templo Santuario contrastando con el colorido de un asombroso video mapping proyectado en la fachada del edificio con caprichosas formas que iban cambiando al ritmo de la m\u00fasica.<\/p>\n<p>Pero la noche ofrec\u00eda mucho m\u00e1s, el Recinto Cultural La Quinta se vest\u00eda de largo para recibir a uno de los galdenses m\u00e1s queridos, Adri\u00e1n Vega, El Vega Life, que escog\u00eda su ciudad para retomar el contacto con su p\u00fablico.<\/p>\n<p>Tras desatar la euforia con \u201cAg\u00fcita de coco\u201d, carta de presentaci\u00f3n de una noche muy especial, sobre el escenario de La Quinta sonaban las notas de \u00e9xitos como \u201cPa vivirla\u201d, \u201cAmo la vida\u201d o \u201cMi para\u00edso\u201d, coreada con cari\u00f1o por todos los asistentes. No falt\u00f3, por supuesto, el tema que marcaba su regreso a los escenarios, \u201cTodo va a estar bien\u201d.<\/p>\n<p>Cartel de lujo para una cita musical que contaba tambi\u00e9n con las actuaciones del artista Monz\u00f3n y el cantante \u00cd\u00f1igo Quintero. Recinto Cultural a rebosar y muchas ganas de fiesta con una sorpresa final, un espect\u00e1culo a\u00e9reo con 220 drones perfectamente sincronizados sobre los cielos de G\u00e1ldar.<\/p>\n<p>Con motivo de las 544\u00aa Fiestas Mayores de Santiago y por quinta ocasi\u00f3n en G\u00e1ldar, la empresa UMILES, l\u00edder en el sector y con 42.000 drones volados en lo que va de a\u00f1o, sorprend\u00eda a los asistentes con una impresionante coreograf\u00eda en la que los drones formaban hasta 14 formas diferentes relacionadas con el esp\u00edritu de las fiestas de G\u00e1ldar.<\/p>\n<p>Y mientras todo esto ocurr\u00eda en el Recinto Cultural La Quinta en la Plaza de Santiago el p\u00fablico disfrutaba del concierto \u201cLa Otra Oreja el tributo a La Oreja de Van Gogh\u201d, seguido de la Verbena con las orquestas Armon\u00eda Show y La Combinaci\u00f3n y la participaci\u00f3n de Aythami DJ. Una noche de v\u00edspera para el recuerdo que deja sin duda im\u00e1genes grabadas en la memoria. <\/p>\n","protected":false},"excerpt":{"rendered":"<p>\u2013 Un espect\u00e1culo de fuegos artificiales y juegos audiovisuales sobre el frontis de la iglesia, protagonista de una noche de conciertos, drones y diversi\u00f3nLa v\u00edspera del d\u00eda grande de G\u00e1ldar&hellip;<\/p>\n","protected":false},"author":2,"featured_media":85,"comment_status":"open","ping_status":"open","sticky":false,"template":"","format":"standard","meta":{"wpai_generated_summary":"","wpai_meta_description":"","footnotes":""},"categories":[129],"tags":[],"class_list":["post-84","post","type-post","status-publish","format-standard","has-post-thumbnail","hentry","category-ayuntamiento-de-galdar"],"_links":{"self":[{"href":"https:\/\/nublo.tv\/index.php\/wp-json\/wp\/v2\/posts\/84","targetHints":{"allow":["GET"]}}],"collection":[{"href":"https:\/\/nublo.tv\/index.php\/wp-json\/wp\/v2\/posts"}],"about":[{"href":"https:\/\/nublo.tv\/index.php\/wp-json\/wp\/v2\/types\/post"}],"author":[{"embeddable":true,"href":"https:\/\/nublo.tv\/index.php\/wp-json\/wp\/v2\/users\/2"}],"replies":[{"embeddable":true,"href":"https:\/\/nublo.tv\/index.php\/wp-json\/wp\/v2\/comments?post=84"}],"version-history":[{"count":1,"href":"https:\/\/nublo.tv\/index.php\/wp-json\/wp\/v2\/posts\/84\/revisions"}],"predecessor-version":[{"id":572,"href":"https:\/\/nublo.tv\/index.php\/wp-json\/wp\/v2\/posts\/84\/revisions\/572"}],"wp:featuredmedia":[{"embeddable":true,"href":"https:\/\/nublo.tv\/index.php\/wp-json\/wp\/v2\/media\/85"}],"wp:attachment":[{"href":"https:\/\/nublo.tv\/index.php\/wp-json\/wp\/v2\/media?parent=84"}],"wp:term":[{"taxonomy":"category","embeddable":true,"href":"https:\/\/nublo.tv\/index.php\/wp-json\/wp\/v2\/categories?post=84"},{"taxonomy":"post_tag","embeddable":true,"href":"https:\/\/nublo.tv\/index.php\/wp-json\/wp\/v2\/tags?post=84"}],"curies":[{"name":"wp","href":"https:\/\/api.w.org\/{rel}","templated":true}]}}