{"id":842,"date":"2026-08-04T23:49:18","date_gmt":"2026-08-04T22:49:18","guid":{"rendered":"https:\/\/nublo.tv\/?p=842"},"modified":"2026-08-04T23:49:18","modified_gmt":"2026-08-04T22:49:18","slug":"sanidad-refuerza-los-servicios-sanitarios-del-centro-de-salud-de-agaete-durante-la-fiesta-de-la-rama","status":"publish","type":"post","link":"https:\/\/nublo.tv\/index.php\/2026\/08\/04\/sanidad-refuerza-los-servicios-sanitarios-del-centro-de-salud-de-agaete-durante-la-fiesta-de-la-rama\/","title":{"rendered":"Sanidad refuerza los servicios sanitarios del Centro de Salud de Agaete durante la fiesta de La Rama"},"content":{"rendered":"<blockquote>\n<p>La plantilla habitual del centro de salud se incrementar\u00e1 con un m\u00e9dico y un enfermero, adem\u00e1s de personal de seguridad<\/p>\n<\/blockquote>\n<p>La Consejer\u00eda de Sanidad del Gobierno de Canarias, a trav\u00e9s de la Gerencia de Atenci\u00f3n Primaria de Gran Canaria, ha reforzado la plantilla de profesionales de los servicios sanitarios del Centro de Salud de Agaete para garantizar que la fiesta de La Rama se desarrolla con normalidad.<\/p>\n<p>En este sentido, se intensificar\u00e1n los servicios en el propio centro sanitario de Atenci\u00f3n Primaria de Agaete en aras de garantizar una mayor cobertura en estos d\u00edas de gran afluencia de visitantes.<\/p>\n<p>La Gerencia de Atenci\u00f3n Primaria de Gran Canaria informa que hasta las 08.00 horas de ma\u00f1ana mi\u00e9rcoles, d\u00eda 5 de agosto, prestar\u00e1n sus servicios junto a la plantilla habitual del centro de salud, un m\u00e9dico y un enfermero, as\u00ed como personal encargado de la vigilancia y seguridad del centro.<\/p>\n<h4 class=\"tag_section_header\">Etiquetas<\/h4>\n<ul class=\"tags\">\n<li><a href=\"https:\/\/www3.gobiernodecanarias.org\/noticias\/tag\/centro-de-salud-de-agaete\/\" title=\"Centro de Salud de Agaete Tag\" class=\"centro-de-salud-de-agaete\">Centro de Salud de Agaete<\/a><\/li>\n<li><a href=\"https:\/\/www3.gobiernodecanarias.org\/noticias\/tag\/scs\/\" title=\"SCS Tag\" class=\"scs\">SCS<\/a><\/li>\n<\/ul>\n","protected":false},"excerpt":{"rendered":"<p>La plantilla habitual del centro de salud se incrementar\u00e1 con un m\u00e9dico y un enfermero, adem\u00e1s de personal de seguridad La Consejer\u00eda de Sanidad del Gobierno de Canarias, a trav\u00e9s&hellip;<\/p>\n","protected":false},"author":1,"featured_media":843,"comment_status":"open","ping_status":"open","sticky":false,"template":"","format":"standard","meta":{"wpai_generated_summary":"","wpai_meta_description":"","footnotes":""},"categories":[121],"tags":[],"class_list":["post-842","post","type-post","status-publish","format-standard","has-post-thumbnail","hentry","category-noticias"],"_links":{"self":[{"href":"https:\/\/nublo.tv\/index.php\/wp-json\/wp\/v2\/posts\/842","targetHints":{"allow":["GET"]}}],"collection":[{"href":"https:\/\/nublo.tv\/index.php\/wp-json\/wp\/v2\/posts"}],"about":[{"href":"https:\/\/nublo.tv\/index.php\/wp-json\/wp\/v2\/types\/post"}],"author":[{"embeddable":true,"href":"https:\/\/nublo.tv\/index.php\/wp-json\/wp\/v2\/users\/1"}],"replies":[{"embeddable":true,"href":"https:\/\/nublo.tv\/index.php\/wp-json\/wp\/v2\/comments?post=842"}],"version-history":[{"count":1,"href":"https:\/\/nublo.tv\/index.php\/wp-json\/wp\/v2\/posts\/842\/revisions"}],"predecessor-version":[{"id":1091,"href":"https:\/\/nublo.tv\/index.php\/wp-json\/wp\/v2\/posts\/842\/revisions\/1091"}],"wp:featuredmedia":[{"embeddable":true,"href":"https:\/\/nublo.tv\/index.php\/wp-json\/wp\/v2\/media\/843"}],"wp:attachment":[{"href":"https:\/\/nublo.tv\/index.php\/wp-json\/wp\/v2\/media?parent=842"}],"wp:term":[{"taxonomy":"category","embeddable":true,"href":"https:\/\/nublo.tv\/index.php\/wp-json\/wp\/v2\/categories?post=842"},{"taxonomy":"post_tag","embeddable":true,"href":"https:\/\/nublo.tv\/index.php\/wp-json\/wp\/v2\/tags?post=842"}],"curies":[{"name":"wp","href":"https:\/\/api.w.org\/{rel}","templated":true}]}}