{"id":848,"date":"2026-08-04T23:49:18","date_gmt":"2026-08-04T22:49:18","guid":{"rendered":"https:\/\/nublo.tv\/?p=848"},"modified":"2026-08-04T23:49:18","modified_gmt":"2026-08-04T22:49:18","slug":"canarias-avanza-en-el-modelo-residencial-de-pequenos-hogares-para-la-atencion-de-personas-mayores","status":"publish","type":"post","link":"https:\/\/nublo.tv\/index.php\/2026\/08\/04\/canarias-avanza-en-el-modelo-residencial-de-pequenos-hogares-para-la-atencion-de-personas-mayores\/","title":{"rendered":"Canarias avanza en el modelo residencial de peque\u00f1os hogares para la atenci\u00f3n de personas mayores"},"content":{"rendered":"<blockquote>\n<p>El viceconsejero de Bienestar Social, Francisco Candil, visita la residencia hogar Nuestra Se\u00f1ora del Pino, donde se\u00f1al\u00f3 que se trabaja para que centros grandes se adapten al nuevo modelo de atenci\u00f3n<\/p>\n<\/blockquote>\n<p><strong>Canarias avanza en el proceso de modificaci\u00f3n del nuevo decreto que acreditaci\u00f3n de atenci\u00f3n a la dependencia y de servicios de atenci\u00f3n de la dependencia \u201cpara impulsar \u00a0nuevos par\u00e1metros de atenci\u00f3n a las personas mayores y en situaci\u00f3n de dependencia, apostando por un modelo m\u00e1s amable de centros que nuestros mayores conciban como un verdadero hogar\u201d, \u00a0afirm\u00f3 \u00a0el viceconsejero de Bienestar Social, Francisco Candil, en el marco de la visita que realiz\u00f3 en el d\u00eda de hoy (martes, 4 de agosto) a la residencia hogar Nuestra Se\u00f1ora del Pino, en la zona de Tafira Baja, en Gran Canaria.<\/strong><\/p>\n<p>\u201cEn el caso de recursos residenciales como la residencia de mayores Nuestra Se\u00f1ora del Pino, centro hist\u00f3rico y de referencia en el Archipi\u00e9lago, el decreto contempla cl\u00e1usulas transitorias que permitir\u00e1n que se puedan ir adaptando a este nuevo modelo de hogares o, cuando los condiciones estructurales del centro no lo permitan, puedan cambiar su modelo de atenci\u00f3n hacia el establecido en el futuro decreto\u201d, matiz\u00f3 Candil, quien subray\u00f3 que estas medidas se suman a la estrategia de desinstitucionalizaci\u00f3n puesta en marcha por la consejer\u00eda de Bienestar Social del Gobierno canario \u201ccon el fin de mejorar servicios de atenci\u00f3n domiciliaria y promover la autonom\u00eda de las personas dependientes\u201d.<\/p>\n<p>Por su parte, la directora de la residencia, la Madre Paula, destac\u00f3 el trabajo \u201cplenamente positivo\u201d que se lleva a cabo en el marco del programa de envejecimiento activo que se lleva a cabo en la residencia. El programa, que recibe una subvenci\u00f3n de 60.000 euros concedida a trav\u00e9s de la Direcci\u00f3n General de Mayores y Participaci\u00f3n Activa, cuenta con un equipo multidisciplinar que incluye trabajadora social, fisioterapeuta y psic\u00f3loga y atiende a unos 225 mayores residentes.<\/p>\n<p>Los programas de envejecimiento activo constituyen uno de los ejes de actuaci\u00f3n en materia de atenci\u00f3n a personas mayores impulsados desde la Consejer\u00eda de Bienestar Social, Igualdad, Juventud, Infancia y Familias del Ejecutivo regional. La iniciativa, que se desarrolla en el marco del Plan Mares\u00eda, contempla un amplio conjunto de actividades, programas y proyectos destinados a promover la longevidad activa, el envejecimiento saludable y la autonom\u00eda de las personas mayores.<\/p>\n<p>&nbsp;<\/p>\n<h4 class=\"tag_section_header\">Etiquetas<\/h4>\n<ul class=\"tags\">\n<li><a href=\"https:\/\/www3.gobiernodecanarias.org\/noticias\/tag\/consejeria-de-bienestar-social\/\" title=\"Consejer\u00eda de Bienestar Social Tag\" class=\"consejeria-de-bienestar-social\">Consejer\u00eda de Bienestar Social<\/a><\/li>\n<li><a href=\"https:\/\/www3.gobiernodecanarias.org\/noticias\/tag\/envejecimiento-activo\/\" title=\"envejecimiento activo Tag\" class=\"envejecimiento-activo\">envejecimiento activo<\/a><\/li>\n<li><a href=\"https:\/\/www3.gobiernodecanarias.org\/noticias\/tag\/francisco-candil\/\" title=\"Francisco Candil Tag\" class=\"francisco-candil\">Francisco Candil<\/a><\/li>\n<li><a href=\"https:\/\/www3.gobiernodecanarias.org\/noticias\/tag\/programa-envejecimiento-activo\/\" title=\"programa Envejecimiento Activo Tag\" class=\"programa-envejecimiento-activo\">programa Envejecimiento Activo<\/a><\/li>\n<\/ul>\n","protected":false},"excerpt":{"rendered":"<p>El viceconsejero de Bienestar Social, Francisco Candil, visita la residencia hogar Nuestra Se\u00f1ora del Pino, donde se\u00f1al\u00f3 que se trabaja para que centros grandes se adapten al nuevo modelo de&hellip;<\/p>\n","protected":false},"author":1,"featured_media":849,"comment_status":"open","ping_status":"open","sticky":false,"template":"","format":"standard","meta":{"wpai_generated_summary":"","wpai_meta_description":"","footnotes":""},"categories":[121],"tags":[],"class_list":["post-848","post","type-post","status-publish","format-standard","has-post-thumbnail","hentry","category-noticias"],"_links":{"self":[{"href":"https:\/\/nublo.tv\/index.php\/wp-json\/wp\/v2\/posts\/848","targetHints":{"allow":["GET"]}}],"collection":[{"href":"https:\/\/nublo.tv\/index.php\/wp-json\/wp\/v2\/posts"}],"about":[{"href":"https:\/\/nublo.tv\/index.php\/wp-json\/wp\/v2\/types\/post"}],"author":[{"embeddable":true,"href":"https:\/\/nublo.tv\/index.php\/wp-json\/wp\/v2\/users\/1"}],"replies":[{"embeddable":true,"href":"https:\/\/nublo.tv\/index.php\/wp-json\/wp\/v2\/comments?post=848"}],"version-history":[{"count":1,"href":"https:\/\/nublo.tv\/index.php\/wp-json\/wp\/v2\/posts\/848\/revisions"}],"predecessor-version":[{"id":1088,"href":"https:\/\/nublo.tv\/index.php\/wp-json\/wp\/v2\/posts\/848\/revisions\/1088"}],"wp:featuredmedia":[{"embeddable":true,"href":"https:\/\/nublo.tv\/index.php\/wp-json\/wp\/v2\/media\/849"}],"wp:attachment":[{"href":"https:\/\/nublo.tv\/index.php\/wp-json\/wp\/v2\/media?parent=848"}],"wp:term":[{"taxonomy":"category","embeddable":true,"href":"https:\/\/nublo.tv\/index.php\/wp-json\/wp\/v2\/categories?post=848"},{"taxonomy":"post_tag","embeddable":true,"href":"https:\/\/nublo.tv\/index.php\/wp-json\/wp\/v2\/tags?post=848"}],"curies":[{"name":"wp","href":"https:\/\/api.w.org\/{rel}","templated":true}]}}