{"id":850,"date":"2026-08-04T23:49:18","date_gmt":"2026-08-04T22:49:18","guid":{"rendered":"https:\/\/nublo.tv\/?p=850"},"modified":"2026-08-04T23:49:18","modified_gmt":"2026-08-04T22:49:18","slug":"canarias-cierra-julio-con-casi-7-000-desempleados-menos-en-un-ano-y-reduce-en-5-000-los-de-larga-duracion","status":"publish","type":"post","link":"https:\/\/nublo.tv\/index.php\/2026\/08\/04\/canarias-cierra-julio-con-casi-7-000-desempleados-menos-en-un-ano-y-reduce-en-5-000-los-de-larga-duracion\/","title":{"rendered":"Canarias cierra julio con casi 7.000 desempleados menos en un a\u00f1o y reduce en 5.000 los de larga duraci\u00f3n"},"content":{"rendered":"<blockquote>\n<p>El repunte del desempleo registrado el pasado mes responde principalmente al efecto estacional asociado a la finalizaci\u00f3n del curso escolar<\/p>\n<p>La contrataci\u00f3n crece un 9,87% con respecto a junio y cerca del 43% de los contratos firmados fueron indefinidos<\/p>\n<\/blockquote>\n<p><strong>El desempleo registrado en Canarias se situ\u00f3 en julio en 144.168 personas, 6.920 menos que hace un a\u00f1o, lo que supone una reducci\u00f3n interanual del 4,58%. En comparaci\u00f3n con el mes anterior, aument\u00f3 en 1.759 personas (1,24%), una evoluci\u00f3n que responde, principalmente, al comportamiento estacional asociado a la finalizaci\u00f3n del curso escolar, con el consiguiente incremento del desempleo en las actividades relacionadas con la educaci\u00f3n.<\/strong><\/p>\n<p>El paro de larga duraci\u00f3n volvi\u00f3 a descender el s\u00e9ptimo mes del a\u00f1o hasta situarse en 63.349 personas, su nivel m\u00e1s bajo desde 2009. En comparaci\u00f3n con junio, baj\u00f3 en 174 personas y, en relaci\u00f3n con el mismo mes del a\u00f1o anterior, en 4.862 (-7,13%).<\/p>\n<p>La viceconsejera de Empleo del Gobierno de Canarias,\u00a0Isabel\u00a0Le\u00f3n, se\u00f1al\u00f3 que \u00abestas cifras responden al comportamiento habitual del mercado laboral en un mes marcado por la finalizaci\u00f3n del curso escolar. Se trata de una evoluci\u00f3n estacional que explica el incremento registrado durante este mes\u00bb.<\/p>\n<p>Le\u00f3n\u00a0subray\u00f3 que \u00ablo importante es que Canarias cuenta hoy con cerca de 7.000 personas desempleadas menos que hace un a\u00f1o y que el paro de larga duraci\u00f3n contin\u00faa descendiendo. Son datos que reflejan que las personas con mayores dificultades para acceder a un empleo tambi\u00e9n se est\u00e1n beneficiando de esa evoluci\u00f3n positiva. En julio, buena parte del incremento del desempleo se concentr\u00f3 en la actividad de Educaci\u00f3n, que registr\u00f3 1.624 personas desempleadas m\u00e1s como consecuencia de la finalizaci\u00f3n de numerosos contratos vinculados al curso acad\u00e9mico\u00bb.<\/p>\n<p>Por el contrario, durante julio el paro descendi\u00f3 en sectores como la Hosteler\u00eda, con 180 personas desempleadas menos (-1,28%), y la Industria,\u00a0donde el n\u00famero de personas desempleadas se redujo en 31\u00a0personas (-0,61%).<\/p>\n<p>Por su parte, el director general de Trabajo, Jos\u00e9 Ram\u00f3n Rodr\u00edguez, explic\u00f3 que \u00abjulio tiene un comportamiento diferente al de otros meses por el efecto de la estacionalidad. Por eso es importante fijarse tambi\u00e9n en otros indicadores, como el aumento de la contrataci\u00f3n, con m\u00e1s de 70.000 contratos firmados durante el mes, o el crecimiento de la contrataci\u00f3n indefinida, que reflejan el dinamismo del mercado laboral en Canarias\u00bb.<\/p>\n<p>De los 70.258 contratos registrados en julio, 30.202 fueron indefinidos (42,99%), una modalidad que sum\u00f3 1.056 contratos m\u00e1s que hace un a\u00f1o, lo que supone un incremento interanual del 3,62%.<\/p>\n<p>La evoluci\u00f3n interanual por islas mantiene una tendencia favorable en la mayor parte del Archipi\u00e9lago. En comparaci\u00f3n con julio de 2025, el n\u00famero de personas desempleadas se redujo en Gran Canaria, con 3.780 menos (-5,72%); Tenerife, con 2.855 menos (-4,39%); Lanzarote, con 172 menos (-2,39%); Fuerteventura, con 72 menos (-1,28%); y La Gomera, con 67 menos (-7,40%). La Palma se mantuvo pr\u00e1cticamente estable, con tres personas desempleadas m\u00e1s (0,05%), mientras que El Hierro registr\u00f3 un incremento de 23 personas (4,50%). En la evoluci\u00f3n mensual, el desempleo aument\u00f3 en el resto de las islas, mientras que La Gomera fue la \u00fanica que registr\u00f3 un descenso, con 32 personas menos (-3,68%).<\/p>\n","protected":false},"excerpt":{"rendered":"<p>El repunte del desempleo registrado el pasado mes responde principalmente al efecto estacional asociado a la finalizaci\u00f3n del curso escolar La contrataci\u00f3n crece un 9,87% con respecto a junio y&hellip;<\/p>\n","protected":false},"author":1,"featured_media":851,"comment_status":"open","ping_status":"open","sticky":false,"template":"","format":"standard","meta":{"wpai_generated_summary":"","wpai_meta_description":"","footnotes":""},"categories":[121],"tags":[],"class_list":["post-850","post","type-post","status-publish","format-standard","has-post-thumbnail","hentry","category-noticias"],"_links":{"self":[{"href":"https:\/\/nublo.tv\/index.php\/wp-json\/wp\/v2\/posts\/850","targetHints":{"allow":["GET"]}}],"collection":[{"href":"https:\/\/nublo.tv\/index.php\/wp-json\/wp\/v2\/posts"}],"about":[{"href":"https:\/\/nublo.tv\/index.php\/wp-json\/wp\/v2\/types\/post"}],"author":[{"embeddable":true,"href":"https:\/\/nublo.tv\/index.php\/wp-json\/wp\/v2\/users\/1"}],"replies":[{"embeddable":true,"href":"https:\/\/nublo.tv\/index.php\/wp-json\/wp\/v2\/comments?post=850"}],"version-history":[{"count":1,"href":"https:\/\/nublo.tv\/index.php\/wp-json\/wp\/v2\/posts\/850\/revisions"}],"predecessor-version":[{"id":1087,"href":"https:\/\/nublo.tv\/index.php\/wp-json\/wp\/v2\/posts\/850\/revisions\/1087"}],"wp:featuredmedia":[{"embeddable":true,"href":"https:\/\/nublo.tv\/index.php\/wp-json\/wp\/v2\/media\/851"}],"wp:attachment":[{"href":"https:\/\/nublo.tv\/index.php\/wp-json\/wp\/v2\/media?parent=850"}],"wp:term":[{"taxonomy":"category","embeddable":true,"href":"https:\/\/nublo.tv\/index.php\/wp-json\/wp\/v2\/categories?post=850"},{"taxonomy":"post_tag","embeddable":true,"href":"https:\/\/nublo.tv\/index.php\/wp-json\/wp\/v2\/tags?post=850"}],"curies":[{"name":"wp","href":"https:\/\/api.w.org\/{rel}","templated":true}]}}