{"id":854,"date":"2026-08-04T23:49:18","date_gmt":"2026-08-04T22:49:18","guid":{"rendered":"https:\/\/nublo.tv\/?p=854"},"modified":"2026-08-04T23:49:18","modified_gmt":"2026-08-04T22:49:18","slug":"el-gobierno-resuelve-el-primer-paquete-de-ayudas-a-la-movilidad-de-artistas","status":"publish","type":"post","link":"https:\/\/nublo.tv\/index.php\/2026\/08\/04\/el-gobierno-resuelve-el-primer-paquete-de-ayudas-a-la-movilidad-de-artistas\/","title":{"rendered":"El Gobierno resuelve el primer paquete de ayudas a la movilidad de artistas"},"content":{"rendered":"<blockquote>\n<p>Dar\u00e1 respaldo econ\u00f3mico a 253 propuestas culturales que han implicado desplazamientos entre islas o fuera del archipi\u00e9lago<\/p>\n<\/blockquote>\n<p><strong>El Gobierno de Canarias ha resuelto un primer paquete de ayudas a la movilidad de artistas y profesionales de la cultura que se hayan desplazado entre islas o hacia cualquier lugar del mundo para extender sus proyectos art\u00edsticos. Recibir\u00e1n este apoyo un total de 253 propuestas seleccionadas a trav\u00e9s de convocatoria p\u00fablica, correspondiente a desplazamientos realizados entre noviembre de 2025 y abril de 2026. Se ha concedido cerca de 325.000 euros en ayudas, que suponen cerca del 90% de la cuant\u00eda total solicitada.<\/strong><\/p>\n<p>La iniciativa se enmarca dentro de la l\u00ednea de subvenciones de la Consejer\u00eda de Universidades, Ciencia e Innovaci\u00f3n y Cultura, en este caso orientadas a facilitar que artistas y profesionales de la cultura en las islas puedan atender sus compromisos fuera de su isla de residencia. Un apoyo que es fundamental teniendo en cuenta la dispersi\u00f3n geogr\u00e1fica del archipi\u00e9lago y su lejan\u00eda del continente.<\/p>\n<p>Una l\u00ednea de subvenciones \u00abque contribuye a la igualdad de oportunidades entre profesionales de la cultura de las islas y del resto del territorio estatal\u201d, apunta Migdalia Mach\u00edn, consejera del \u00e1rea. Se ayuda a que la creaci\u00f3n canaria pueda llegar a rincones de todo el planeta, apoyando su proyecci\u00f3n exterior y la generaci\u00f3n de contactos y nuevos proyectos\u201d.<\/p>\n<p>La subvenci\u00f3n a la movilidad cultural se destina a gastos de desplazamientos, traslados internos, alojamiento, transporte de cargas e inscripciones. Todo ello para la realizaci\u00f3n de actuaciones o giras, residencias art\u00edsticas, proyecciones audiovisuales, participaci\u00f3n en congresos, ferias, festivales y otros encuentros, presentaciones literarias, investigaciones y difusi\u00f3n del patrimonio cultural y, en definitiva, toda aquella actividad cultural en la que tomen parte fuera de su isla.<\/p>\n<p><strong>Casi una treintena de pa\u00edses<\/strong><\/p>\n<p>El listado de propuestas que figuran en este primer tramo de ayudas refleja el inter\u00e9s y el alcance que tiene actualmente la cultura que se hace en Canarias, con actuaciones o participaci\u00f3n en eventos que se desarrollan casi una treintena de pa\u00edses de Europa, Am\u00e9rica, \u00c1frica y Asia. Desde Alemania a M\u00e9xico, pasando por Argentina, Costa Rica, Jordania, Brasil, Cabo Verde, Jap\u00f3n, Senegal o Bulgaria, entre otros muchos. Asimismo, profesionales de la cultura isle\u00f1a han estado presentes en la pr\u00e1ctica totalidad de comunidades aut\u00f3nomas espa\u00f1olas y en numerosos rincones del archipi\u00e9lago.<\/p>\n<p>Esta convocatoria de movilidad cultural, impulsada desde la <strong>Direcci\u00f3n General de Innovaci\u00f3n Cultural e Industrias Creativas, <\/strong>cuenta con cerca de <strong>un mill\u00f3n de euros<\/strong> de presupuesto para atender las solicitudes que se presenten en los tres periodos sucesivos programados en la misma. El segundo, comprendido entre mayo y julio de 2026, se encuentra actualmente en fase de estudio y verificaci\u00f3n de la documentaci\u00f3n de los proyectos presentados; y el tercero, de agosto a octubre con plazo de solicitudes del 1 al 15 de octubre.<\/p>\n<p>El primer listado de propuestas aprobadas, integrado por las 253 iniciativas que recibir\u00e1n ayuda de un total de 318 presentadas, puede consultarse en el tabl\u00f3n de anuncios de la Consejer\u00eda de Universidades, Ciencia e Innovaci\u00f3n y Cultura; as\u00ed como en <a href=\"http:\/\/www.icdcultural.org\"><strong>www.icdcultural.org<\/strong><\/a> (apartado Convocatorias)<strong>,<\/strong> entidad p\u00fablica colaboradora en este proceso. Ah\u00ed figura la puntuaci\u00f3n alcanzada por cada proyecto y la ayuda econ\u00f3mica que recibir\u00e1 cada uno.<\/p>\n<p>&nbsp;<\/p>\n<p>&nbsp;<\/p>\n<h4 class=\"tag_section_header\">Etiquetas<\/h4>\n<ul class=\"tags\">\n<li><a href=\"https:\/\/www3.gobiernodecanarias.org\/noticias\/tag\/movilidad\/\" title=\"movilidad Tag\" class=\"movilidad\">movilidad<\/a><\/li>\n<li><a href=\"https:\/\/www3.gobiernodecanarias.org\/noticias\/tag\/subvenciones\/\" title=\"subvenciones Tag\" class=\"subvenciones\">subvenciones<\/a><\/li>\n<\/ul>\n","protected":false},"excerpt":{"rendered":"<p>Dar\u00e1 respaldo econ\u00f3mico a 253 propuestas culturales que han implicado desplazamientos entre islas o fuera del archipi\u00e9lago El Gobierno de Canarias ha resuelto un primer paquete de ayudas a la&hellip;<\/p>\n","protected":false},"author":1,"featured_media":855,"comment_status":"open","ping_status":"open","sticky":false,"template":"","format":"standard","meta":{"wpai_generated_summary":"","wpai_meta_description":"","footnotes":""},"categories":[121],"tags":[],"class_list":["post-854","post","type-post","status-publish","format-standard","has-post-thumbnail","hentry","category-noticias"],"_links":{"self":[{"href":"https:\/\/nublo.tv\/index.php\/wp-json\/wp\/v2\/posts\/854","targetHints":{"allow":["GET"]}}],"collection":[{"href":"https:\/\/nublo.tv\/index.php\/wp-json\/wp\/v2\/posts"}],"about":[{"href":"https:\/\/nublo.tv\/index.php\/wp-json\/wp\/v2\/types\/post"}],"author":[{"embeddable":true,"href":"https:\/\/nublo.tv\/index.php\/wp-json\/wp\/v2\/users\/1"}],"replies":[{"embeddable":true,"href":"https:\/\/nublo.tv\/index.php\/wp-json\/wp\/v2\/comments?post=854"}],"version-history":[{"count":1,"href":"https:\/\/nublo.tv\/index.php\/wp-json\/wp\/v2\/posts\/854\/revisions"}],"predecessor-version":[{"id":1085,"href":"https:\/\/nublo.tv\/index.php\/wp-json\/wp\/v2\/posts\/854\/revisions\/1085"}],"wp:featuredmedia":[{"embeddable":true,"href":"https:\/\/nublo.tv\/index.php\/wp-json\/wp\/v2\/media\/855"}],"wp:attachment":[{"href":"https:\/\/nublo.tv\/index.php\/wp-json\/wp\/v2\/media?parent=854"}],"wp:term":[{"taxonomy":"category","embeddable":true,"href":"https:\/\/nublo.tv\/index.php\/wp-json\/wp\/v2\/categories?post=854"},{"taxonomy":"post_tag","embeddable":true,"href":"https:\/\/nublo.tv\/index.php\/wp-json\/wp\/v2\/tags?post=854"}],"curies":[{"name":"wp","href":"https:\/\/api.w.org\/{rel}","templated":true}]}}