{"id":856,"date":"2026-08-04T23:49:18","date_gmt":"2026-08-04T22:49:18","guid":{"rendered":"https:\/\/nublo.tv\/?p=856"},"modified":"2026-08-04T23:49:18","modified_gmt":"2026-08-04T22:49:18","slug":"bienestar-social-mantiene-en-2026-el-mayor-ritmo-de-resoluciones-de-discapacidad-de-toda-la-serie-historica","status":"publish","type":"post","link":"https:\/\/nublo.tv\/index.php\/2026\/08\/04\/bienestar-social-mantiene-en-2026-el-mayor-ritmo-de-resoluciones-de-discapacidad-de-toda-la-serie-historica\/","title":{"rendered":"Bienestar Social mantiene en 2026 el mayor ritmo de resoluciones de discapacidad de toda la serie hist\u00f3rica"},"content":{"rendered":"<blockquote>\n<p>Hasta julio, se han dictado 15.921 resoluciones, una cifra que ya representa el 94% de todas las emitidas durante 2025, certificando, de nuevo, el ritmo ascendente en el reconocimiento de derechos a la ciudadan\u00eda<\/p>\n<\/blockquote>\n<p>La Direcci\u00f3n General de Discapacidad de la Consejer\u00eda de Bienestar Social, Igualdad, Juventud, Infancia y Familias del Gobierno de Canarias contin\u00faa consolidando la mejora en la tramitaci\u00f3n de expedientes durante 2026. Canarias ha dictado m\u00e1s de 50.000 resoluciones de discapacidad durante la legislatura, lo que significa que ha duplicado la capacidad de resoluci\u00f3n del sistema y sit\u00faa 2026 en camino de registrar un nuevo m\u00e1ximo hist\u00f3rico.<\/p>\n<p>Entre enero y julio se han dictado 15.921 resoluciones en el conjunto de Canarias, resultado de las 6.918 emitidas en Las Palmas de Gran Canaria y las 9.003 en Santa Cruz de Tenerife, lo que supone mantener el mayor ritmo de resoluci\u00f3n de toda la serie analizada.<\/p>\n<p>La evoluci\u00f3n refleja una mejora sostenida respecto a los ejercicios anteriores y un incremento muy significativo de la capacidad de respuesta de la Administraci\u00f3n, lo que demuestra lo que ya se viene se\u00f1alando desde el pasado a\u00f1o, el inter\u00e9s en poner la atenci\u00f3n a la ciudadan\u00eda en el centro, y mejorar la respuesta para el reconocimiento de sus derechos.<\/p>\n<p>En Las Palmas de Gran Canaria, las resoluciones han pasado de 3.696 en todo 2023 a 5.594 en 2024 y 8.124 en 2025. Solo en los siete primeros meses de 2026 ya se han alcanzado 6.918 resoluciones, el 85,2 % de todas las emitidas durante el pasado a\u00f1o.<\/p>\n<p>La comparaci\u00f3n mensual evidencia igualmente este avance. Frente a las 745 resoluciones de julio de 2025, este a\u00f1o se han resuelto 993 expedientes, un incremento de 248 resoluciones, equivalente a un 33,3 % m\u00e1s. Tambi\u00e9n destacan los meses de abril y mayo, con 1.177 y 1.325 resoluciones, respectivamente, los registros mensuales m\u00e1s elevados de toda la serie en esta provincia.<\/p>\n<p>La evoluci\u00f3n es todav\u00eda m\u00e1s intensa en Santa Cruz de Tenerife, donde en apenas siete meses de 2026 ya se han dictado 9.003 resoluciones, superando las 8.821 registradas durante todo 2025.<\/p>\n<p>La comparaci\u00f3n interanual de julio confirma esta tendencia: se ha pasado de 1.067 resoluciones en julio de 2025 a 1.953 en julio de 2026, lo que supone 886 resoluciones m\u00e1s y un incremento del 83 %.<\/p>\n<p>Asimismo, los meses de mayo (1.461 resoluciones) y junio (2.008) constituyen los mejores registros mensuales de toda la serie hist\u00f3rica, reflejando una aceleraci\u00f3n constante en la capacidad de tramitaci\u00f3n.<\/p>\n<p>En conjunto, la evoluci\u00f3n muestra un crecimiento continuado desde 2023. Mientras ambos servicios provinciales incrementaron progresivamente su actividad durante 2024 y consolidaron esa mejora en 2025, los datos de 2026 apuntan a un nuevo salto cuantitativo, con cifras mensuales que superan ampliamente las registradas en ejercicios anteriores.<\/p>\n<p>La tendencia confirma el esfuerzo realizado para agilizar la resoluci\u00f3n de expedientes y reducir los tiempos de respuesta a la ciudadan\u00eda, manteniendo durante 2026 el mayor volumen de resoluciones de discapacidad registrado hasta la fecha.<\/p>\n<p>&nbsp;<\/p>\n<h4 class=\"tag_section_header\">Etiquetas<\/h4>\n<ul class=\"tags\">\n<li><a href=\"https:\/\/www3.gobiernodecanarias.org\/noticias\/tag\/canarias\/\" title=\"Canarias Tag\" class=\"canarias\">Canarias<\/a><\/li>\n<li><a href=\"https:\/\/www3.gobiernodecanarias.org\/noticias\/tag\/discapacidad\/\" title=\"Discapacidad Tag\" class=\"discapacidad\">Discapacidad<\/a><\/li>\n<li><a href=\"https:\/\/www3.gobiernodecanarias.org\/noticias\/tag\/resoluciones\/\" title=\"resoluciones Tag\" class=\"resoluciones\">resoluciones<\/a><\/li>\n<\/ul>\n","protected":false},"excerpt":{"rendered":"<p>Hasta julio, se han dictado 15.921 resoluciones, una cifra que ya representa el 94% de todas las emitidas durante 2025, certificando, de nuevo, el ritmo ascendente en el reconocimiento de&hellip;<\/p>\n","protected":false},"author":1,"featured_media":857,"comment_status":"open","ping_status":"open","sticky":false,"template":"","format":"standard","meta":{"wpai_generated_summary":"","wpai_meta_description":"","footnotes":""},"categories":[121],"tags":[],"class_list":["post-856","post","type-post","status-publish","format-standard","has-post-thumbnail","hentry","category-noticias"],"_links":{"self":[{"href":"https:\/\/nublo.tv\/index.php\/wp-json\/wp\/v2\/posts\/856","targetHints":{"allow":["GET"]}}],"collection":[{"href":"https:\/\/nublo.tv\/index.php\/wp-json\/wp\/v2\/posts"}],"about":[{"href":"https:\/\/nublo.tv\/index.php\/wp-json\/wp\/v2\/types\/post"}],"author":[{"embeddable":true,"href":"https:\/\/nublo.tv\/index.php\/wp-json\/wp\/v2\/users\/1"}],"replies":[{"embeddable":true,"href":"https:\/\/nublo.tv\/index.php\/wp-json\/wp\/v2\/comments?post=856"}],"version-history":[{"count":1,"href":"https:\/\/nublo.tv\/index.php\/wp-json\/wp\/v2\/posts\/856\/revisions"}],"predecessor-version":[{"id":1084,"href":"https:\/\/nublo.tv\/index.php\/wp-json\/wp\/v2\/posts\/856\/revisions\/1084"}],"wp:featuredmedia":[{"embeddable":true,"href":"https:\/\/nublo.tv\/index.php\/wp-json\/wp\/v2\/media\/857"}],"wp:attachment":[{"href":"https:\/\/nublo.tv\/index.php\/wp-json\/wp\/v2\/media?parent=856"}],"wp:term":[{"taxonomy":"category","embeddable":true,"href":"https:\/\/nublo.tv\/index.php\/wp-json\/wp\/v2\/categories?post=856"},{"taxonomy":"post_tag","embeddable":true,"href":"https:\/\/nublo.tv\/index.php\/wp-json\/wp\/v2\/tags?post=856"}],"curies":[{"name":"wp","href":"https:\/\/api.w.org\/{rel}","templated":true}]}}