{"id":858,"date":"2026-08-04T23:49:18","date_gmt":"2026-08-04T22:49:18","guid":{"rendered":"https:\/\/nublo.tv\/?p=858"},"modified":"2026-08-04T23:49:18","modified_gmt":"2026-08-04T22:49:18","slug":"canarias-madeira-y-azores-refuerzan-su-cooperacion-con-el-proyecto-atlante-como-hoja-de-ruta","status":"publish","type":"post","link":"https:\/\/nublo.tv\/index.php\/2026\/08\/04\/canarias-madeira-y-azores-refuerzan-su-cooperacion-con-el-proyecto-atlante-como-hoja-de-ruta\/","title":{"rendered":"Canarias, Madeira y Azores refuerzan su cooperaci\u00f3n con el proyecto ATLANTE como hoja de ruta"},"content":{"rendered":"<blockquote>\n<p>Los socios europeos de la Macaronesia eval\u00faan los avances alcanzados y marcan nuevos ejes de su colaboraci\u00f3n con los siete pa\u00edses africanos de su \u00e1rea de influencia<\/p>\n<p>El proyecto estrat\u00e9gico de cogobernanza forma parte de programa Interreg MAC 2021-2027 y cuenta con una financiaci\u00f3n superior a los 2,8 millones de euros<\/p>\n<\/blockquote>\n<p>Canarias, Madeira y Azores apuestan por seguir reforzando su cooperaci\u00f3n en el marco del proyecto estrat\u00e9gico ATLANTE, la iniciativa que act\u00faa como hoja de ruta para la gobernanza compartida del espacio geopol\u00edtico de la Macaronesia y su \u00e1rea de influencia africana. Durante un encuentro celebrado en Terceira, los socios europeos del programa Interreg MAC 2021-2027 evaluaron los avances alcanzados, revisaron las actuaciones en curso y definieron los nuevos ejes de colaboraci\u00f3n con los siete pa\u00edses africanos que participan en este proyecto: Cabo Verde, Mauritania, Senegal, Gambia, Ghana, Costa de Marfil y Santo Tom\u00e9 y Pr\u00edncipe.<\/p>\n<p>ATLANTE, liderado por la Direcci\u00f3n General de Relaciones con \u00c1frica del Gobierno de Canarias, tiene como objetivo mejorar la gobernanza de la cooperaci\u00f3n en el espacio geogr\u00e1fico del archipi\u00e9lago mediante la creaci\u00f3n de marcos comunes de di\u00e1logo y coordinaci\u00f3n institucional, facilitando la identificaci\u00f3n de prioridades compartidas, estrategias conjuntas y actuaciones de inter\u00e9s com\u00fan.<\/p>\n<p>El proyecto sucede al anterior HEXAGONE y consolida un espacio estable de trabajo entre las tres regiones europeas y los pa\u00edses africanos socios, con la participaci\u00f3n adicional de las Autoridades Nacionales del Interreg MAC de Espa\u00f1a y Portugal.<\/p>\n<p>Los socios europeos analizaron durante la reuni\u00f3n los resultados ya alcanzados y debatieron nuevas oportunidades de colaboraci\u00f3n para potenciar el impacto de las acciones desarrolladas. El encuentro reafirm\u00f3 el compromiso com\u00fan de las regiones ultraperif\u00e9ricas para profundizar la cooperaci\u00f3n, promover sinergias y garantizar una implementaci\u00f3n eficaz de las iniciativas estrat\u00e9gicas previstas en el marco del proyecto.<\/p>\n<p>En representaci\u00f3n de Canarias participaron en este encuentro de trabajo el director general de Relaci\u00f3n con \u00c1frica, Luis Padilla; y la directora general de Asuntos Europeos, Celia Alberto. Tambi\u00e9n asistieron la directora regional de Asuntos Europeos y Cooperaci\u00f3n Externa de Azores, Sandra Garc\u00eda; y la directora regional de Asuntos Europeos de Madeira, Fernanda Cardoso.<\/p>\n<p>Con un presupuesto de 2,8 millones de euros, cofinanciado por el FEDER, y un periodo de ejecuci\u00f3n hasta diciembre de 2029, ATLANTE consolida el papel de Canarias como plataforma estrat\u00e9gica de cooperaci\u00f3n entre Europa y \u00c1frica, favoreciendo la generaci\u00f3n de nuevas iniciativas conjuntas, el fortalecimiento de la gobernanza multinivel y la construcci\u00f3n de alianzas estables entre administraciones p\u00fablicas, universidades, centros de investigaci\u00f3n, empresas y sociedad civil.<\/p>\n<p>En el marco del proyecto, ya se han presentado en los siete pa\u00edses africanos beneficiarios los 34 proyectos aprobados en junio de 2024, correspondientes a la primera convocatoria p\u00fablica del Programa MAC, que licit\u00f3 el 60% del FEDER disponible de los ejes 1 (MAC Inteligente), 2 (MAC Verde) y 3 (MAC Movilidad).<\/p>\n<p>Estos proyectos abarcan \u00e1mbitos como la econom\u00eda verde, azul y circular; la I+D+i; la competitividad e innovaci\u00f3n de las pymes; el turismo sostenible; la formaci\u00f3n profesional; la lucha contra el cambio clim\u00e1tico; la biodiversidad y el medio ambiente.<\/p>\n<p>En el eje 3, se presentaron los tres proyectos aprobados para la mejora de la gesti\u00f3n de la migraci\u00f3n en origen y destino, dos de los cuales (COMPASS y SEIMLAB) incluyen acciones de formaci\u00f3n profesional orientadas al mercado laboral. Adem\u00e1s, en agosto de 2025 se aprobaron 16 proyectos adicionales destinados a la capitalizaci\u00f3n de resultados en el \u00e1mbito de la resiliencia clim\u00e1tica.<\/p>\n<p><strong>60 millones ejecutados<\/strong><\/p>\n<p>Ahora est\u00e1 en marcha la tercera convocatoria del Programa MAC. Recibi\u00f3 118 propuestas, de las cuales el Comit\u00e9 de Direcci\u00f3n aprob\u00f3 26 proyectos el pasado 28 de mayo, completando as\u00ed el 40% restante de los fondos FEDER del Programa. Estos nuevos proyectos ser\u00e1n presentados en los siete pa\u00edses beneficiarios a trav\u00e9s de ATLANTE, que ya ha establecido un calendario orientativo: la primera presentaci\u00f3n tendr\u00e1 lugar en Mauritania en diciembre de 2026.<\/p>\n<p>En este sentido, se inform\u00f3 del grado de cumplimiento financiero del proyecto, con una ejecuci\u00f3n pr\u00f3xima al 30%, lo que implica que ya se han invertido casi 60 millones de euros de los 198 millones de financiaci\u00f3n con que cuenta el Interreg MAC 2021-2027.<\/p>\n<p>En el encuentro, celebrado en el Palacio de los Capitanes Generales de Angra do Hero\u00edsmo, se avanz\u00f3 en la puesta en marcha de los grupos tem\u00e1ticos de formaci\u00f3n profesional y energ\u00eda y agua, cuya primera reuni\u00f3n se celebrar\u00e1 de forma telem\u00e1tica con expertos y representantes institucionales de los siete pa\u00edses socios.<\/p>\n<p>Asimismo, se expusieron los trabajos que impulsa la Direcci\u00f3n General de Relaciones con \u00c1frica para coordinar los fondos MAC con otros financiadores internacionales, como el Banco Mundial y el Banco Africano de Desarrollo, con el fin de ampliar las oportunidades de cooperaci\u00f3n y reforzar el impacto de las actuaciones en el espacio MAC.<\/p>\n","protected":false},"excerpt":{"rendered":"<p>Los socios europeos de la Macaronesia eval\u00faan los avances alcanzados y marcan nuevos ejes de su colaboraci\u00f3n con los siete pa\u00edses africanos de su \u00e1rea de influencia El proyecto estrat\u00e9gico&hellip;<\/p>\n","protected":false},"author":1,"featured_media":859,"comment_status":"open","ping_status":"open","sticky":false,"template":"","format":"standard","meta":{"wpai_generated_summary":"","wpai_meta_description":"","footnotes":""},"categories":[121],"tags":[],"class_list":["post-858","post","type-post","status-publish","format-standard","has-post-thumbnail","hentry","category-noticias"],"_links":{"self":[{"href":"https:\/\/nublo.tv\/index.php\/wp-json\/wp\/v2\/posts\/858","targetHints":{"allow":["GET"]}}],"collection":[{"href":"https:\/\/nublo.tv\/index.php\/wp-json\/wp\/v2\/posts"}],"about":[{"href":"https:\/\/nublo.tv\/index.php\/wp-json\/wp\/v2\/types\/post"}],"author":[{"embeddable":true,"href":"https:\/\/nublo.tv\/index.php\/wp-json\/wp\/v2\/users\/1"}],"replies":[{"embeddable":true,"href":"https:\/\/nublo.tv\/index.php\/wp-json\/wp\/v2\/comments?post=858"}],"version-history":[{"count":1,"href":"https:\/\/nublo.tv\/index.php\/wp-json\/wp\/v2\/posts\/858\/revisions"}],"predecessor-version":[{"id":1083,"href":"https:\/\/nublo.tv\/index.php\/wp-json\/wp\/v2\/posts\/858\/revisions\/1083"}],"wp:featuredmedia":[{"embeddable":true,"href":"https:\/\/nublo.tv\/index.php\/wp-json\/wp\/v2\/media\/859"}],"wp:attachment":[{"href":"https:\/\/nublo.tv\/index.php\/wp-json\/wp\/v2\/media?parent=858"}],"wp:term":[{"taxonomy":"category","embeddable":true,"href":"https:\/\/nublo.tv\/index.php\/wp-json\/wp\/v2\/categories?post=858"},{"taxonomy":"post_tag","embeddable":true,"href":"https:\/\/nublo.tv\/index.php\/wp-json\/wp\/v2\/tags?post=858"}],"curies":[{"name":"wp","href":"https:\/\/api.w.org\/{rel}","templated":true}]}}