{"id":862,"date":"2026-08-04T23:49:18","date_gmt":"2026-08-04T22:49:18","guid":{"rendered":"https:\/\/nublo.tv\/?p=862"},"modified":"2026-08-04T23:49:18","modified_gmt":"2026-08-04T22:49:18","slug":"aciisi-destina-300-000-euros-al-impulso-de-nuevos-proyectos-de-innovacion-de-los-clusteres-canarios","status":"publish","type":"post","link":"https:\/\/nublo.tv\/index.php\/2026\/08\/04\/aciisi-destina-300-000-euros-al-impulso-de-nuevos-proyectos-de-innovacion-de-los-clusteres-canarios\/","title":{"rendered":"ACIISI destina 300.000 euros al impulso de nuevos proyectos de innovaci\u00f3n de los cl\u00fasteres canarios"},"content":{"rendered":"<ul>\n<li><em>La convocatoria financiar\u00e1 al 100 % iniciativas individuales y colaborativas y respaldar\u00e1 la preparaci\u00f3n de proyectos para concurrir a programas nacionales y europeos<\/em><\/li>\n<\/ul>\n<p><strong>La Consejer\u00eda de Universidades, Ciencia e Innovaci\u00f3n y Cultura, a trav\u00e9s de la Agencia Canaria de Investigaci\u00f3n, Innovaci\u00f3n y Sociedad de la Informaci\u00f3n (ACIISI), ha convocado las subvenciones destinadas a apoyar a las Agrupaciones Empresariales Innovadoras (AEI) o cl\u00fasteres de Canarias para el desarrollo de actuaciones de innovaci\u00f3n durante el ejercicio 2027. La convocatoria, publicada este lunes en el <a href=\"https:\/\/www.gobiernodecanarias.org\/boc\/2026\/154\/2775.html\">Bolet\u00edn Oficial de Canarias<\/a>, cuenta con una dotaci\u00f3n de 300.000 euros y permitir\u00e1 impulsar nuevos proyectos orientados a fortalecer la capacidad innovadora y la competitividad del tejido empresarial del Archipi\u00e9lago. <\/strong><\/p>\n<p>Las ayudas financiar\u00e1n tanto proyectos desarrollados por un \u00fanico cl\u00faster como iniciativas ejecutadas en colaboraci\u00f3n con las empresas y entidades que forman parte de estas agrupaciones. Como novedad, tambi\u00e9n respaldar\u00e1n la preparaci\u00f3n de propuestas destinadas a concurrir a convocatorias nacionales y europeas, favoreciendo que las entidades puedan planificar proyectos de mayor alcance y optar a nuevas oportunidades de financiaci\u00f3n competitiva.<\/p>\n<p>La consejera de Universidades, Ciencia e Innovaci\u00f3n y Cultura, Migdalia Mach\u00edn, destac\u00f3 que \u00abincorporar el apoyo a la preparaci\u00f3n de proyectos para convocatorias nacionales y europeas permite que los cl\u00fasteres puedan afrontar con mayores garant\u00edas una fase que resulta decisiva para acceder a financiaci\u00f3n competitiva. Es una medida que fortalece su capacidad para impulsar iniciativas de mayor dimensi\u00f3n y generar nuevas oportunidades de innovaci\u00f3n para las empresas canarias\u00bb.<\/p>\n<p>La convocatoria contempla dos modalidades de actuaci\u00f3n: proyectos promovidos por la propia agrupaci\u00f3n empresarial innovadora y proyectos desarrollados en cooperaci\u00f3n con entre una y cinco entidades pertenecientes al cl\u00faster. En ambos casos, las ayudas cubrir\u00e1n el 100 % del gasto subvencionable, con importes de entre 10.000 y 75.000 euros, seg\u00fan el tipo de actuaci\u00f3n.<\/p>\n<p>Mach\u00edn subray\u00f3 adem\u00e1s que \u00ablos cl\u00fasteres desempe\u00f1an un papel estrat\u00e9gico porque facilitan la colaboraci\u00f3n entre empresas, centros de conocimiento y otros agentes del ecosistema innovador. Reforzar esa capacidad de cooperaci\u00f3n significa crear mejores condiciones para que las ideas se transformen en proyectos con impacto econ\u00f3mico y social para Canarias\u00bb.<\/p>\n<p>Podr\u00e1n acceder a estas ayudas las Agrupaciones Empresariales Innovadoras o cl\u00fasteres que cumplan los requisitos establecidos en las bases reguladoras. El plazo para presentar solicitudes permanecer\u00e1 abierto del 1 al 31 de octubre de 2026, salvo que el cr\u00e9dito disponible se agote con anterioridad. La tramitaci\u00f3n se realizar\u00e1 de forma electr\u00f3nica a trav\u00e9s de la sede del Gobierno de Canarias.<\/p>\n<h4 class=\"tag_section_header\">Etiquetas<\/h4>\n<ul class=\"tags\">\n<li><a href=\"https:\/\/www3.gobiernodecanarias.org\/noticias\/tag\/clusteres-2027\/\" title=\"Cl\u00fasteres 2027 Tag\" class=\"clusteres-2027\">Cl\u00fasteres 2027<\/a><\/li>\n<\/ul>\n","protected":false},"excerpt":{"rendered":"<p>La convocatoria financiar\u00e1 al 100 % iniciativas individuales y colaborativas y respaldar\u00e1 la preparaci\u00f3n de proyectos para concurrir a programas nacionales y europeos La Consejer\u00eda de Universidades, Ciencia e Innovaci\u00f3n&hellip;<\/p>\n","protected":false},"author":1,"featured_media":863,"comment_status":"open","ping_status":"open","sticky":false,"template":"","format":"standard","meta":{"wpai_generated_summary":"","wpai_meta_description":"","footnotes":""},"categories":[121],"tags":[],"class_list":["post-862","post","type-post","status-publish","format-standard","has-post-thumbnail","hentry","category-noticias"],"_links":{"self":[{"href":"https:\/\/nublo.tv\/index.php\/wp-json\/wp\/v2\/posts\/862","targetHints":{"allow":["GET"]}}],"collection":[{"href":"https:\/\/nublo.tv\/index.php\/wp-json\/wp\/v2\/posts"}],"about":[{"href":"https:\/\/nublo.tv\/index.php\/wp-json\/wp\/v2\/types\/post"}],"author":[{"embeddable":true,"href":"https:\/\/nublo.tv\/index.php\/wp-json\/wp\/v2\/users\/1"}],"replies":[{"embeddable":true,"href":"https:\/\/nublo.tv\/index.php\/wp-json\/wp\/v2\/comments?post=862"}],"version-history":[{"count":1,"href":"https:\/\/nublo.tv\/index.php\/wp-json\/wp\/v2\/posts\/862\/revisions"}],"predecessor-version":[{"id":1081,"href":"https:\/\/nublo.tv\/index.php\/wp-json\/wp\/v2\/posts\/862\/revisions\/1081"}],"wp:featuredmedia":[{"embeddable":true,"href":"https:\/\/nublo.tv\/index.php\/wp-json\/wp\/v2\/media\/863"}],"wp:attachment":[{"href":"https:\/\/nublo.tv\/index.php\/wp-json\/wp\/v2\/media?parent=862"}],"wp:term":[{"taxonomy":"category","embeddable":true,"href":"https:\/\/nublo.tv\/index.php\/wp-json\/wp\/v2\/categories?post=862"},{"taxonomy":"post_tag","embeddable":true,"href":"https:\/\/nublo.tv\/index.php\/wp-json\/wp\/v2\/tags?post=862"}],"curies":[{"name":"wp","href":"https:\/\/api.w.org\/{rel}","templated":true}]}}