{"id":872,"date":"2026-08-04T23:49:18","date_gmt":"2026-08-04T22:49:18","guid":{"rendered":"https:\/\/nublo.tv\/?p=872"},"modified":"2026-08-04T23:49:18","modified_gmt":"2026-08-04T22:49:18","slug":"el-ejecutivo-recepciona-los-trabajos-previos-del-registro-de-operadores-del-transporte-terrestre-de-canarias","status":"publish","type":"post","link":"https:\/\/nublo.tv\/index.php\/2026\/08\/04\/el-ejecutivo-recepciona-los-trabajos-previos-del-registro-de-operadores-del-transporte-terrestre-de-canarias\/","title":{"rendered":"El Ejecutivo recepciona los trabajos previos del Registro de Operadores del Transporte Terrestre de Canarias"},"content":{"rendered":"<p><strong>La Consejer\u00eda de Obras P\u00fablicas, Vivienda y Movilidad del Gobierno de Canarias ha recepcionado los trabajos desarrollados para la implantaci\u00f3n del futuro Registro de Operadores del Transporte Terrestre de Canarias y su cuadro de mando, un paso que permitir\u00e1 comenzar la tramitaci\u00f3n del reglamento que regular\u00e1 su funcionamiento.<\/strong><\/p>\n<p>Esta actuaci\u00f3n se desarrolla en el marco del Plan de Recuperaci\u00f3n, Transformaci\u00f3n y Resiliencia (PRTR), financiado con cargo a los fondos procedentes del Instrumento Europeo de Recuperaci\u00f3n \u00abNextGenerationEU\u00bb.<\/p>\n<p>En este sentido, siguiendo la iniciativa del Mecanismo de Recuperaci\u00f3n y Resiliencia (MRR) para la transformaci\u00f3n digital de los servicios p\u00fablicos, el proyecto ha permitido migrar al nuevo sistema la informaci\u00f3n procedente de los cabildos insulares, dejando preparada la plataforma para su futura puesta en funcionamiento una vez se apruebe el reglamento. A partir de ahora, el Ejecutivo canario comenzar\u00e1 a avanzar en la tramitaci\u00f3n reglamentaria y continuar\u00e1 trabajando con los cabildos para facilitar la interoperabilidad entre los distintos sistemas de gesti\u00f3n y automatizar el intercambio de informaci\u00f3n.<\/p>\n<p>La directora general de Transportes y Movilidad, Mar\u00eda Fern\u00e1ndez, ha se\u00f1alado que \u201cla recepci\u00f3n de estos trabajos supone un avance importante para seguir modernizando la gesti\u00f3n del transporte terrestre en Canarias. Se trata de una herramienta prevista en la Ley de Ordenaci\u00f3n del Transporte por Carretera de Canarias de 2007, cuyo desarrollo era una necesidad para dotar de mayor seguridad y eficacia a la gesti\u00f3n del transporte terrestre en las islas. Este registro permitir\u00e1 unificar la informaci\u00f3n del sector, ofreciendo mayores garant\u00edas tanto a las empresas como a las administraciones competentes en materia de inspecci\u00f3n y gesti\u00f3n. Ahora iniciamos la tramitaci\u00f3n del reglamento necesario para su puesta en marcha\u201d.<\/p>\n<p>Con esta actuaci\u00f3n, el Ejecutivo canario contin\u00faa impulsando herramientas que refuerzan la coordinaci\u00f3n entre administraciones y garantizan la calidad de la informaci\u00f3n, contribuyendo a una gesti\u00f3n m\u00e1s \u00e1gil, eficiente y adaptada a las necesidades del sector del transporte y la movilidad en Canarias.<\/p>\n<p><strong>El Registro de Operadores del Transporte Terrestre de Canarias<\/strong><\/p>\n<p>El Registro de Operadores del Transporte Terrestre de Canarias es un instrumento previsto por la Ley 13\/2007 de Ordenaci\u00f3n del Transporte por Carretera de Canarias. Esta herramienta tendr\u00e1 como finalidad la inscripci\u00f3n, con car\u00e1cter declarativo, de aquellos datos relevantes para la ordenaci\u00f3n de los transportes por carretera por referirse a la dimensi\u00f3n y evoluci\u00f3n de los modos, sectores y subsectores de los mismos. Este instrumento permitir\u00e1\u00a0 recopilar, organizar y mantener actualizada la informaci\u00f3n relevante sobre los operadores del transporte por carretera en el Archipi\u00e9lago. Su creaci\u00f3n da cumplimiento a la normativa estatal y auton\u00f3mica en materia de ordenaci\u00f3n del transporte y permitir\u00e1 disponer de una base de datos \u00fanica que facilite el conocimiento de la dimensi\u00f3n y evoluci\u00f3n del sector, mejore la planificaci\u00f3n y la toma de decisiones por parte de la Administraci\u00f3n, y contribuya a la digitalizaci\u00f3n y modernizaci\u00f3n de la gesti\u00f3n p\u00fablica en el \u00e1mbito del transporte terrestre.<\/p>\n","protected":false},"excerpt":{"rendered":"<p>La Consejer\u00eda de Obras P\u00fablicas, Vivienda y Movilidad del Gobierno de Canarias ha recepcionado los trabajos desarrollados para la implantaci\u00f3n del futuro Registro de Operadores del Transporte Terrestre de Canarias&hellip;<\/p>\n","protected":false},"author":1,"featured_media":873,"comment_status":"open","ping_status":"open","sticky":false,"template":"","format":"standard","meta":{"wpai_generated_summary":"","wpai_meta_description":"","footnotes":""},"categories":[121],"tags":[],"class_list":["post-872","post","type-post","status-publish","format-standard","has-post-thumbnail","hentry","category-noticias"],"_links":{"self":[{"href":"https:\/\/nublo.tv\/index.php\/wp-json\/wp\/v2\/posts\/872","targetHints":{"allow":["GET"]}}],"collection":[{"href":"https:\/\/nublo.tv\/index.php\/wp-json\/wp\/v2\/posts"}],"about":[{"href":"https:\/\/nublo.tv\/index.php\/wp-json\/wp\/v2\/types\/post"}],"author":[{"embeddable":true,"href":"https:\/\/nublo.tv\/index.php\/wp-json\/wp\/v2\/users\/1"}],"replies":[{"embeddable":true,"href":"https:\/\/nublo.tv\/index.php\/wp-json\/wp\/v2\/comments?post=872"}],"version-history":[{"count":1,"href":"https:\/\/nublo.tv\/index.php\/wp-json\/wp\/v2\/posts\/872\/revisions"}],"predecessor-version":[{"id":1076,"href":"https:\/\/nublo.tv\/index.php\/wp-json\/wp\/v2\/posts\/872\/revisions\/1076"}],"wp:featuredmedia":[{"embeddable":true,"href":"https:\/\/nublo.tv\/index.php\/wp-json\/wp\/v2\/media\/873"}],"wp:attachment":[{"href":"https:\/\/nublo.tv\/index.php\/wp-json\/wp\/v2\/media?parent=872"}],"wp:term":[{"taxonomy":"category","embeddable":true,"href":"https:\/\/nublo.tv\/index.php\/wp-json\/wp\/v2\/categories?post=872"},{"taxonomy":"post_tag","embeddable":true,"href":"https:\/\/nublo.tv\/index.php\/wp-json\/wp\/v2\/tags?post=872"}],"curies":[{"name":"wp","href":"https:\/\/api.w.org\/{rel}","templated":true}]}}