{"id":874,"date":"2026-08-04T23:49:18","date_gmt":"2026-08-04T22:49:18","guid":{"rendered":"https:\/\/nublo.tv\/?p=874"},"modified":"2026-08-04T23:49:18","modified_gmt":"2026-08-04T22:49:18","slug":"los-premios-al-deporte-canario-2026-reuniran-a-un-reputado-jurado-con-representacion-de-todas-las-islas","status":"publish","type":"post","link":"https:\/\/nublo.tv\/index.php\/2026\/08\/04\/los-premios-al-deporte-canario-2026-reuniran-a-un-reputado-jurado-con-representacion-de-todas-las-islas\/","title":{"rendered":"Los Premios al Deporte Canario 2026 reunir\u00e1n a un reputado jurado con representaci\u00f3n de todas las islas"},"content":{"rendered":"<blockquote>\n<p>La tercera edici\u00f3n de estos galardones se celebrar\u00e1 el 13 de noviembre en Las Palmas de Gran Canaria y distinguir\u00e1 la excelencia deportiva del archipi\u00e9lago<\/p>\n<p>Un total de 32 profesionales de la comunicaci\u00f3n especializados en informaci\u00f3n deportiva integrar\u00e1n el jurado encargado de decidir los premios de las modalidades convencionales<\/p>\n<\/blockquote>\n<p>La tercera edici\u00f3n de los Premios al Deporte Canario, impulsados por la Consejer\u00eda de Educaci\u00f3n, Formaci\u00f3n Profesional, Actividad F\u00edsica y Deportes del Gobierno de Canarias, dirigida por Poli Su\u00e1rez, volver\u00e1 a contar con un jurado de reconocido prestigio integrado por profesionales de la comunicaci\u00f3n especializados en informaci\u00f3n deportiva procedentes de todas las islas del archipi\u00e9lago. Este \u00f3rgano ser\u00e1 el encargado de fallar los galardones correspondientes a las modalidades deportivas convencionales, mientras que un segundo jurado decidir\u00e1 los premios destinados a reconocer los deportes y juegos tradicionales de Canarias.<\/p>\n<p>La gala de entrega de los Premios al Deporte Canario 2026, que alcanza este a\u00f1o su tercera edici\u00f3n, se celebrar\u00e1 el 13 de noviembre en Las Palmas de Gran Canaria. Los galardones volver\u00e1n a distinguir a personas, equipos, entidades y proyectos que hayan destacado por su contribuci\u00f3n al deporte canario durante la temporada 2025\/2026.<\/p>\n<p>El jurado principal estar\u00e1 presidido por Norberto Gonz\u00e1lez, profesional de Radio Nacional de Espa\u00f1a, y reunir\u00e1 a periodistas de medios de comunicaci\u00f3n de todo el archipi\u00e9lago, garantizando una valoraci\u00f3n plural y representativa de la realidad deportiva de las ocho islas. Su composici\u00f3n combina perfiles con una amplia trayectoria en el seguimiento de la actualidad deportiva regional y una representaci\u00f3n equilibrada de los principales medios de comunicaci\u00f3n canarios.<\/p>\n<p>As\u00ed, este jurado estar\u00e1 integrado por Ignacio S\u00e1nchez Acedo (Canarias7), Manuel Ojeda (La Provincia), Carlos Garc\u00eda (El D\u00eda), M\u00e1ximo Mart\u00edn (Diario de Avisos), Jos\u00e9 Miguel Galarza (Canarias Ahora), Mart\u00edn Alonso (Atl\u00e1ntico Hoy), Pablo Checa (Diario AS), Jes\u00fas Izquierdo (Marca), Natalia Fumero (TVE Canarias), F\u00e1tima Febles (Televisi\u00f3n Canaria), Inma Gonz\u00e1lez (M\u00edrame TV), Javier Cabrera (Canal 4 Tenerife), Guillermo Uru\u00f1uela (Lancelot Medios), Nicol\u00e1s L\u00f3pez (SER Las Palmas), Manoj Daswani (Radio Club Tenerife), Juan Jos\u00e9 Toledo (Canarias Radio), Juan Francisco Cruz (COPE Gran Canaria), Juan Jos\u00e9 Ramos (COPE Tenerife), David Ojeda (Onda Cero Canarias), Christian Santana (Radio Marca Gran Canaria), Iv\u00e1n Bonales (Radio Marca Tenerife), Yolanda Mart\u00ednez (Onda Fuerteventura), Paco Ruiz (ACFI Press), Ignacio Afonso (Europa Press), Jos\u00e9 Mar\u00eda Rodr\u00edguez (Agencia EFE), Pedro Montesino (7.7 La Palma), Sergio Guti\u00e9rrez (Diario El Hierro), \u00c1ngel Darias (Gomera Noticias), Sergio Delgado (8sports.es), \u00c1ngeles Arencibia (periodista especializada en vela) y Almudena Santana (periodista en La Liga), adem\u00e1s del propio Norberto Gonz\u00e1lez como presidente.<\/p>\n<p>Este elenco de profesionales ser\u00e1 responsable de reconocer la trayectoria y m\u00e9ritos de deportistas individuales, equipos, labores en deporte adaptado e inclusivo, de igualdad y de promoci\u00f3n del deporte en Canarias, adem\u00e1s, entre otros galardones, de una menci\u00f3n honor\u00edfica especial.<\/p>\n<p><strong>Deporte aut\u00f3ctono<\/strong><\/p>\n<p>Por su parte, los premios destinados a reconocer los deportes y juegos tradicionales de Canarias volver\u00e1n a contar con un jurado especial integrado por los presidentes de las ocho federaciones regionales de estas modalidades: Alberto Santiago (Arrastre de Ganado), Carlos Barrera (Lucha del Garrote), Juan Alem\u00e1n (Salto del Pastor), Francisco Rivero (Lucha Canaria), Alicia Su\u00e1rez (Bola Canaria), Guillermo Mart\u00ednez (Juego del Palo), Luis Toledo (Vela Latina de Barquillos) y Manolo Far\u00edas (Vela Latina de Botes).<\/p>\n<p>Este jurado ser\u00e1 el encargado de decidir tres distinciones espec\u00edficas: el premio Pedro Molina, destinado a reconocer a una persona o entidad por su labor creadora, de difusi\u00f3n, conocimiento, estudio o docencia de los deportes vern\u00e1culos; el premio especial Federaci\u00f3n, concedido a propuesta de las propias federaciones para distinguir iniciativas o trayectorias que hayan contribuido al crecimiento de estas modalidades; y el premio a la Igualdad, dirigido a reconocer a personas, proyectos, programas o entidades que hayan destacado por su compromiso con este \u00e1mbito.<\/p>\n<h4 class=\"tag_section_header\">Etiquetas<\/h4>\n<ul class=\"tags\">\n<li><a href=\"https:\/\/www3.gobiernodecanarias.org\/noticias\/tag\/premios-al-deporte-canario\/\" title=\"Premios al Deporte Canario Tag\" class=\"premios-al-deporte-canario\">Premios al Deporte Canario<\/a><\/li>\n<\/ul>\n","protected":false},"excerpt":{"rendered":"<p>La tercera edici\u00f3n de estos galardones se celebrar\u00e1 el 13 de noviembre en Las Palmas de Gran Canaria y distinguir\u00e1 la excelencia deportiva del archipi\u00e9lago Un total de 32 profesionales&hellip;<\/p>\n","protected":false},"author":1,"featured_media":875,"comment_status":"open","ping_status":"open","sticky":false,"template":"","format":"standard","meta":{"wpai_generated_summary":"","wpai_meta_description":"","footnotes":""},"categories":[121],"tags":[],"class_list":["post-874","post","type-post","status-publish","format-standard","has-post-thumbnail","hentry","category-noticias"],"_links":{"self":[{"href":"https:\/\/nublo.tv\/index.php\/wp-json\/wp\/v2\/posts\/874","targetHints":{"allow":["GET"]}}],"collection":[{"href":"https:\/\/nublo.tv\/index.php\/wp-json\/wp\/v2\/posts"}],"about":[{"href":"https:\/\/nublo.tv\/index.php\/wp-json\/wp\/v2\/types\/post"}],"author":[{"embeddable":true,"href":"https:\/\/nublo.tv\/index.php\/wp-json\/wp\/v2\/users\/1"}],"replies":[{"embeddable":true,"href":"https:\/\/nublo.tv\/index.php\/wp-json\/wp\/v2\/comments?post=874"}],"version-history":[{"count":1,"href":"https:\/\/nublo.tv\/index.php\/wp-json\/wp\/v2\/posts\/874\/revisions"}],"predecessor-version":[{"id":1075,"href":"https:\/\/nublo.tv\/index.php\/wp-json\/wp\/v2\/posts\/874\/revisions\/1075"}],"wp:featuredmedia":[{"embeddable":true,"href":"https:\/\/nublo.tv\/index.php\/wp-json\/wp\/v2\/media\/875"}],"wp:attachment":[{"href":"https:\/\/nublo.tv\/index.php\/wp-json\/wp\/v2\/media?parent=874"}],"wp:term":[{"taxonomy":"category","embeddable":true,"href":"https:\/\/nublo.tv\/index.php\/wp-json\/wp\/v2\/categories?post=874"},{"taxonomy":"post_tag","embeddable":true,"href":"https:\/\/nublo.tv\/index.php\/wp-json\/wp\/v2\/tags?post=874"}],"curies":[{"name":"wp","href":"https:\/\/api.w.org\/{rel}","templated":true}]}}