{"id":876,"date":"2026-08-04T23:49:18","date_gmt":"2026-08-04T22:49:18","guid":{"rendered":"https:\/\/nublo.tv\/?p=876"},"modified":"2026-08-04T23:49:18","modified_gmt":"2026-08-04T22:49:18","slug":"canarias-impulsa-el-i-congreso-de-costas-como-foro-de-referencia-para-el-debate-sobre-la-gestion-del-litoral","status":"publish","type":"post","link":"https:\/\/nublo.tv\/index.php\/2026\/08\/04\/canarias-impulsa-el-i-congreso-de-costas-como-foro-de-referencia-para-el-debate-sobre-la-gestion-del-litoral\/","title":{"rendered":"Canarias impulsa el I Congreso de Costas como foro de referencia para el debate sobre la gesti\u00f3n del litoral"},"content":{"rendered":"<blockquote>\n<p>Pablo Rodr\u00edguez y Antonio Acosta presentan un encuentro que reunir\u00e1 a representantes institucionales, juristas, expertos y profesionales para analizar los principales desaf\u00edos de la protecci\u00f3n, gobernanza y regulaci\u00f3n del litoral<\/p>\n<p>El Congreso se celebrar\u00e1 los d\u00edas 15 y 16 de octubre en San Bartolom\u00e9 de Tirajana y servir\u00e1 tambi\u00e9n para presentar el borrador de la futura Ley de Costas de Canarias<\/p>\n<\/blockquote>\n<p><strong>El consejero de Obras P\u00fablicas, Vivienda y Movilidad del Gobierno de Canarias, Pablo Rodr\u00edguez, y el director general de Costas y Gesti\u00f3n del Espacio Mar\u00edtimo Canario, Antonio Acosta, han presentado hoy el I Congreso de Costas de Canarias, un encuentro de car\u00e1cter t\u00e9cnico e institucional que se celebrar\u00e1 los pr\u00f3ximos 15 y 16 de octubre en San Bartolom\u00e9 de Tirajana, con el objetivo de convertir al Archipi\u00e9lago en un espacio de referencia para el an\u00e1lisis, el debate y el intercambio de conocimiento sobre la gesti\u00f3n, protecci\u00f3n y ordenaci\u00f3n del litoral.<\/strong><\/p>\n<p>Durante la presentaci\u00f3n, ambos responsables han explicado que el Congreso reunir\u00e1 a representantes de las comunidades aut\u00f3nomas costeras, especialistas en Derecho Administrativo, responsables p\u00fablicos y profesionales del \u00e1mbito t\u00e9cnico para abordar, desde una perspectiva jur\u00eddica, institucional y territorial, los principales retos que afronta la gesti\u00f3n del litoral. Asimismo, el encuentro favorecer\u00e1 el intercambio de experiencias entre administraciones y expertos en torno a la protecci\u00f3n de la costa, la gobernanza y el desarrollo del marco normativo que regula estos espacios.<\/p>\n<p>El consejero Pablo Rodr\u00edguez ha se\u00f1alado que \u201ceste Congreso nace con la voluntad de poner en valor el enorme activo que representa el litoral para Canarias y convertir al Archipi\u00e9lago, durante dos d\u00edas, en el centro del debate nacional sobre las pol\u00edticas p\u00fablicas en materia de costas y gesti\u00f3n del litoral\u201d.<\/p>\n<p>Asimismo, ha recordado que este encuentro se celebra en un momento especialmente relevante para Canarias tras la asunci\u00f3n de las competencias en materia de costas, recogidas en el Estatuto de Autonom\u00eda y desarrolladas posteriormente mediante su traspaso. \u201cEstamos ante una oportunidad para avanzar en el despliegue efectivo de esas competencias y hacerlo desde la colaboraci\u00f3n con cabildos y ayuntamientos, construyendo un modelo de gesti\u00f3n adaptado a la realidad de nuestras islas\u201d, ha afirmado.<\/p>\n<p>Rodr\u00edguez ha destacado tambi\u00e9n que \u201cla futura Ley de Costas de Canarias permitir\u00e1 desarrollar plenamente las competencias y dotarnos de un marco jur\u00eddico propio que responda a las singularidades del Archipi\u00e9lago, garantizando una gesti\u00f3n m\u00e1s eficaz, sostenible y cercana del litoral\u201d.<\/p>\n<p>Por su parte, el director general de Costas, Antonio Acosta, ha explicado que \u201chemos dise\u00f1ado un programa que re\u00fane a algunos de los principales especialistas en Derecho Administrativo y gesti\u00f3n del litoral para analizar, desde el m\u00e1ximo rigor t\u00e9cnico y jur\u00eddico, los asuntos que marcar\u00e1n el futuro de nuestras costas\u201d.<\/p>\n<p>Adem\u00e1s, ha destacado que el Congreso contar\u00e1 con la participaci\u00f3n de representantes de todas las comunidades aut\u00f3nomas con litoral, lo que permitir\u00e1 \u201ccompartir experiencias, analizar los distintos modelos de gesti\u00f3n y abrir un di\u00e1logo que contribuya a mejorar la gobernanza del litoral desde una visi\u00f3n com\u00fan\u201d.<\/p>\n<p>Acosta ha subrayado tambi\u00e9n que el encuentro servir\u00e1 para abrir un debate de alcance nacional sobre la evoluci\u00f3n del marco normativo en materia de costas.<\/p>\n<p><strong>Dos jornadas para analizar el futuro de la gesti\u00f3n del litoral<\/strong><\/p>\n<p>El I Congreso de Costas de Canarias se celebrar\u00e1 los d\u00edas 15 y 16 de octubre en el Hotel Paradisus by Meli\u00e1 Gran Canaria, en San Bartolom\u00e9 de Tirajana, y se desarrollar\u00e1 durante d\u00eda y medio con un programa estructurado en distintos bloques tem\u00e1ticos. La cita reunir\u00e1 a representantes de las comunidades aut\u00f3nomas costeras, responsables p\u00fablicos, especialistas en Derecho Administrativo, profesionales del \u00e1mbito t\u00e9cnico y expertos en gesti\u00f3n del litoral.<\/p>\n<p>Como antesala al Congreso, se celebrar\u00e1 una jornada t\u00e9cnica de trabajo entre los equipos redactores de las diferentes leyes auton\u00f3micas de costas, con el objetivo de intercambiar experiencias y analizar los distintos modelos normativos que se est\u00e1n desarrollando en Espa\u00f1a.<\/p>\n<p>La primera jornada comenzar\u00e1 con una sesi\u00f3n dedicada a la tutela del litoral, en la que se abordar\u00e1n los valores que justifican su protecci\u00f3n y conservaci\u00f3n, junto con cuestiones relacionadas con la econom\u00eda azul, la econom\u00eda circular y la gobernanza costera. Posteriormente, se desarrollar\u00e1 un segundo bloque centrado en la arquitectura del litoral, que analizar\u00e1 nuevos modelos de planificaci\u00f3n y desarrollo de las zonas costeras.<\/p>\n<p>Durante la tarde, el Congreso profundizar\u00e1 en el \u00e1mbito jur\u00eddico con sesiones dedicadas al conflicto competencial sobre el litoral y a la capacidad normativa de las comunidades aut\u00f3nomas en materia de costas.<\/p>\n<p>La jornada del 16 de octubre comenzar\u00e1 con la ponencia magistral \u2018El futuro de la ordenaci\u00f3n del litoral de Espa\u00f1a\u2019, que impartir\u00e1 el catedr\u00e1tico de Derecho Administrativo \u00c1ngel Men\u00e9ndez, uno de los principales referentes en la materia y redactor de la Ley de Costas estatal. Posteriormente, representantes de las comunidades aut\u00f3nomas costeras participar\u00e1n en una mesa de debate para intercambiar experiencias y analizar los principales retos comunes en la gesti\u00f3n del litoral.<\/p>\n<p><strong>El Congreso acoger\u00e1 la presentaci\u00f3n del borrador de la Ley de Costas de Canarias<br \/>\n<\/strong><br \/>\nUno de los ejes del encuentro ser\u00e1 la presentaci\u00f3n del borrador de la futura Ley de Costas de Canarias, un documento que servir\u00e1 de base para el debate t\u00e9cnico y jur\u00eddico del Congreso y que busca dotar al Archipi\u00e9lago de un marco regulador adaptado a sus singularidades, a las competencias asumidas por Canarias y a las necesidades espec\u00edficas de gesti\u00f3n de su litoral.<\/p>\n<p>Adem\u00e1s, el programa incluir\u00e1 distintas mesas t\u00e9cnicas sobre la gobernanza del litoral, la protecci\u00f3n ambiental, la econom\u00eda azul y las relaciones entre el Estado y las comunidades aut\u00f3nomas en materia de costas, con el objetivo de favorecer el intercambio de experiencias y contribuir al desarrollo de nuevas herramientas para una gesti\u00f3n m\u00e1s eficiente, coordinada y sostenible del litoral.<\/p>\n<h4 class=\"tag_section_header\">Etiquetas<\/h4>\n<ul class=\"tags\">\n<li><a href=\"https:\/\/www3.gobiernodecanarias.org\/noticias\/tag\/antonio-acosta\/\" title=\"Antonio Acosta Tag\" class=\"antonio-acosta\">Antonio Acosta<\/a><\/li>\n<li><a href=\"https:\/\/www3.gobiernodecanarias.org\/noticias\/tag\/i-congreso-de-costas\/\" title=\"I Congreso de Costas Tag\" class=\"i-congreso-de-costas\">I Congreso de Costas<\/a><\/li>\n<li><a href=\"https:\/\/www3.gobiernodecanarias.org\/noticias\/tag\/pablo-rodriguez\/\" title=\"pablo rodr\u00edguez Tag\" class=\"pablo-rodriguez\">pablo rodr\u00edguez<\/a><\/li>\n<\/ul>\n","protected":false},"excerpt":{"rendered":"<p>Pablo Rodr\u00edguez y Antonio Acosta presentan un encuentro que reunir\u00e1 a representantes institucionales, juristas, expertos y profesionales para analizar los principales desaf\u00edos de la protecci\u00f3n, gobernanza y regulaci\u00f3n del litoral&hellip;<\/p>\n","protected":false},"author":1,"featured_media":877,"comment_status":"open","ping_status":"open","sticky":false,"template":"","format":"standard","meta":{"wpai_generated_summary":"","wpai_meta_description":"","footnotes":""},"categories":[121],"tags":[],"class_list":["post-876","post","type-post","status-publish","format-standard","has-post-thumbnail","hentry","category-noticias"],"_links":{"self":[{"href":"https:\/\/nublo.tv\/index.php\/wp-json\/wp\/v2\/posts\/876","targetHints":{"allow":["GET"]}}],"collection":[{"href":"https:\/\/nublo.tv\/index.php\/wp-json\/wp\/v2\/posts"}],"about":[{"href":"https:\/\/nublo.tv\/index.php\/wp-json\/wp\/v2\/types\/post"}],"author":[{"embeddable":true,"href":"https:\/\/nublo.tv\/index.php\/wp-json\/wp\/v2\/users\/1"}],"replies":[{"embeddable":true,"href":"https:\/\/nublo.tv\/index.php\/wp-json\/wp\/v2\/comments?post=876"}],"version-history":[{"count":1,"href":"https:\/\/nublo.tv\/index.php\/wp-json\/wp\/v2\/posts\/876\/revisions"}],"predecessor-version":[{"id":1074,"href":"https:\/\/nublo.tv\/index.php\/wp-json\/wp\/v2\/posts\/876\/revisions\/1074"}],"wp:featuredmedia":[{"embeddable":true,"href":"https:\/\/nublo.tv\/index.php\/wp-json\/wp\/v2\/media\/877"}],"wp:attachment":[{"href":"https:\/\/nublo.tv\/index.php\/wp-json\/wp\/v2\/media?parent=876"}],"wp:term":[{"taxonomy":"category","embeddable":true,"href":"https:\/\/nublo.tv\/index.php\/wp-json\/wp\/v2\/categories?post=876"},{"taxonomy":"post_tag","embeddable":true,"href":"https:\/\/nublo.tv\/index.php\/wp-json\/wp\/v2\/tags?post=876"}],"curies":[{"name":"wp","href":"https:\/\/api.w.org\/{rel}","templated":true}]}}