{"id":878,"date":"2026-08-04T23:49:18","date_gmt":"2026-08-04T22:49:18","guid":{"rendered":"https:\/\/nublo.tv\/?p=878"},"modified":"2026-08-04T23:49:18","modified_gmt":"2026-08-04T22:49:18","slug":"la-regenta-escrita-arte-de-canarias-al-alcance-de-toda-la-ciudadania","status":"publish","type":"post","link":"https:\/\/nublo.tv\/index.php\/2026\/08\/04\/la-regenta-escrita-arte-de-canarias-al-alcance-de-toda-la-ciudadania\/","title":{"rendered":"\u2018La Regenta Escrita\u2019: arte de Canarias al alcance de toda la ciudadan\u00eda"},"content":{"rendered":"<blockquote>\n<p>Un a\u00f1o m\u00e1s, el espacio expositivo acerca a la ciudadan\u00eda cat\u00e1logos varias de las autor\u00edas m\u00e1s importantes del arte contempor\u00e1neo, a un precio simb\u00f3lico<\/p>\n<\/blockquote>\n<p><strong>Una excelente oportunidad para conocer con m\u00e1s profundidad la historia del arte en Canarias. El <a href=\"https:\/\/laregenta.org\/\">Centro de Arte La Regenta<\/a> (Gran Canaria) celebra una nueva edici\u00f3n de \u2018<a href=\"https:\/\/app.laregenta.org\/beta\/regenta-escrita-2026\/\">La Regenta Escrita<\/a>\u2019, una iniciativa que recupera parte de su legado editorial y facilita el acceso a publicaciones dedicadas artistas contempor\u00e1neos. Del 4 al 8 de agosto, el p\u00fablico podr\u00e1 adquirir por 3 euros una selecci\u00f3n de cat\u00e1logos de exposiciones editados por el Gobierno de Canarias entre 2003 y 2017.<\/strong><\/p>\n<p>La propuesta re\u00fane publicaciones que, en muchos casos, son dif\u00edciles de encontrar por otras v\u00edas y que forman parte de la memoria expositiva del archipi\u00e9lago. A trav\u00e9s de ellas se recuperan investigaciones, textos curatoriales, ensayos y documentaci\u00f3n visual que acompa\u00f1aron algunas de las exposiciones m\u00e1s representativas celebradas en los centros de arte del Gobierno aut\u00f3nomo.<\/p>\n<p>Los cat\u00e1logos seleccionados este a\u00f1o corresponden a las exposiciones \u2018Specto: red de retratos\u2019, de Adassa Santana (2016); \u2018Pause\u2019, de Adri\u00e1n Mart\u00ednez (2011); \u2018Cent\u00e1urides\u2019, de Alfonso Garc\u00eda (2016); \u2018Doble o nada\u2019, de Carlos Matallana (2011); \u2018Celebraci\u00f3n\u2019, de Cristina Temes (2010); \u2018El texto escondido (ensayo o fuga)\u2019, de Emilia Mart\u00edn Fierro (2009); \u2018Todo lo que fluye\u2019, de F\u00e9lix Juan Bordes (2016); \u2018Noli me legere\u2019, de Joaqu\u00edn Artime (2016); \u2018Infuso-patidifuso\u2019, de Juan Luis Alzola (2016); \u2018Luz, horizonte y muro\u2019, de Luis Kerch (2016); \u2018It\u2019s alive\u2019, de Luna Bengoechea (2016); \u2018The handbook of concepts\u2019, de Mart\u00edn y Sicilia (2017); \u2018La fiesta es para todos\u2019, de Moneiba Lemes (2015); \u2018Paco S\u00e1nchez 1977-2003\u2019 (2003); y \u2018Paisaje\u2019, de Gonzalo Gonz\u00e1lez (2016)<\/p>\n<p><strong>Horario <\/strong><\/p>\n<p>La venta tendr\u00e1 lugar en la sala de exposiciones del Centro de Arte La Regenta, del <strong>4 al 8 de agosto<\/strong>, en horario de <strong>10:00 a 14:00<\/strong> y de <strong>17:00 a 21:00 horas<\/strong>. El s\u00e1bado la apertura ser\u00e1 \u00fanicamente en horario de ma\u00f1ana.<\/p>\n<p>Con esta iniciativa, La Regenta reivindica el cat\u00e1logo de exposici\u00f3n como una herramienta de investigaci\u00f3n, conservaci\u00f3n y difusi\u00f3n del arte contempor\u00e1neo. Adem\u00e1s de documentar proyectos expositivos, estas publicaciones constituyen un valioso testimonio de la creaci\u00f3n art\u00edstica desarrollada en Canarias en las \u00faltimas d\u00e9cadas.<\/p>\n<h4 class=\"tag_section_header\">Etiquetas<\/h4>\n<ul class=\"tags\">\n<li><a href=\"https:\/\/www3.gobiernodecanarias.org\/noticias\/tag\/artes-plasticas\/\" title=\"Artes Pl\u00e1sticas Tag\" class=\"artes-plasticas\">Artes Pl\u00e1sticas<\/a><\/li>\n<li><a href=\"https:\/\/www3.gobiernodecanarias.org\/noticias\/tag\/artes-visuales\/\" title=\"artes visuales Tag\" class=\"artes-visuales\">artes visuales<\/a><\/li>\n<li><a href=\"https:\/\/www3.gobiernodecanarias.org\/noticias\/tag\/centro-de-arte-la-regenta\/\" title=\"Centro de Arte La Regenta Tag\" class=\"centro-de-arte-la-regenta\">Centro de Arte La Regenta<\/a><\/li>\n<li><a href=\"https:\/\/www3.gobiernodecanarias.org\/noticias\/tag\/la-regenta\/\" title=\"La Regenta Tag\" class=\"la-regenta\">La Regenta<\/a><\/li>\n<li><a href=\"https:\/\/www3.gobiernodecanarias.org\/noticias\/tag\/la-regenta-escrita\/\" title=\"La Regenta escrita Tag\" class=\"la-regenta-escrita\">La Regenta escrita<\/a><\/li>\n<\/ul>\n","protected":false},"excerpt":{"rendered":"<p>Un a\u00f1o m\u00e1s, el espacio expositivo acerca a la ciudadan\u00eda cat\u00e1logos varias de las autor\u00edas m\u00e1s importantes del arte contempor\u00e1neo, a un precio simb\u00f3lico Una excelente oportunidad para conocer con&hellip;<\/p>\n","protected":false},"author":1,"featured_media":879,"comment_status":"open","ping_status":"open","sticky":false,"template":"","format":"standard","meta":{"wpai_generated_summary":"","wpai_meta_description":"","footnotes":""},"categories":[121],"tags":[],"class_list":["post-878","post","type-post","status-publish","format-standard","has-post-thumbnail","hentry","category-noticias"],"_links":{"self":[{"href":"https:\/\/nublo.tv\/index.php\/wp-json\/wp\/v2\/posts\/878","targetHints":{"allow":["GET"]}}],"collection":[{"href":"https:\/\/nublo.tv\/index.php\/wp-json\/wp\/v2\/posts"}],"about":[{"href":"https:\/\/nublo.tv\/index.php\/wp-json\/wp\/v2\/types\/post"}],"author":[{"embeddable":true,"href":"https:\/\/nublo.tv\/index.php\/wp-json\/wp\/v2\/users\/1"}],"replies":[{"embeddable":true,"href":"https:\/\/nublo.tv\/index.php\/wp-json\/wp\/v2\/comments?post=878"}],"version-history":[{"count":1,"href":"https:\/\/nublo.tv\/index.php\/wp-json\/wp\/v2\/posts\/878\/revisions"}],"predecessor-version":[{"id":1073,"href":"https:\/\/nublo.tv\/index.php\/wp-json\/wp\/v2\/posts\/878\/revisions\/1073"}],"wp:featuredmedia":[{"embeddable":true,"href":"https:\/\/nublo.tv\/index.php\/wp-json\/wp\/v2\/media\/879"}],"wp:attachment":[{"href":"https:\/\/nublo.tv\/index.php\/wp-json\/wp\/v2\/media?parent=878"}],"wp:term":[{"taxonomy":"category","embeddable":true,"href":"https:\/\/nublo.tv\/index.php\/wp-json\/wp\/v2\/categories?post=878"},{"taxonomy":"post_tag","embeddable":true,"href":"https:\/\/nublo.tv\/index.php\/wp-json\/wp\/v2\/tags?post=878"}],"curies":[{"name":"wp","href":"https:\/\/api.w.org\/{rel}","templated":true}]}}