{"id":88,"date":"2026-08-04T17:37:06","date_gmt":"2026-08-04T16:37:06","guid":{"rendered":"https:\/\/nublo.tv\/?p=88"},"modified":"2026-08-04T17:37:06","modified_gmt":"2026-08-04T16:37:06","slug":"galdar-vuelve-a-bailar-su-rama-en-honor-a-santiago","status":"publish","type":"post","link":"https:\/\/nublo.tv\/index.php\/2026\/08\/04\/galdar-vuelve-a-bailar-su-rama-en-honor-a-santiago\/","title":{"rendered":"G\u00e1ldar vuelve a bailar su rama en honor a Santiago"},"content":{"rendered":"<p>\u2013 Cientos de personas salen a la calle ramas en alto para hacer su particular ofrenda a Santiago el Peregrino entre la m\u00fasica y la tradici\u00f3n de una fiesta que cumple diez a\u00f1os<\/p>\n<p>G\u00e1ldar ha vuelto a vivir su cita con la fiesta y la tradici\u00f3n en su Bajada de la Rama de Santiago, una de las fiestas m\u00e1s arraigadas del programa de las 544\u00aa Fiestas Mayores de Santiago de G\u00e1ldar organizadas por la concejal\u00eda de Cultura y Fiestas que dirige Julio Mateo Castillo.<\/p>\n<p>Este a\u00f1o contaba adem\u00e1s con un componente muy especial, la Bajada de la Rama de Santiago, que figura en la documentaci\u00f3n de las Fiestas Mayores de hace 70 a\u00f1os cumple en esta edici\u00f3n diez a\u00f1os de historia desde su recuperaci\u00f3n.<\/p>\n<p>La fiesta arrancaba en la Plaza de La Monta\u00f1a para llegar a recoger las ramas en la Plaza del Calvario, nadie se quer\u00eda perder la oportunidad de bailar las ramas al ritmo de las bandas de m\u00fasica. No faltaban las camisetas verdes conmemorativas y los sombreros de paja que ya son toda una tradici\u00f3n. Ya con todos ataviados para la ocasi\u00f3n s\u00f3lo faltaba esperar a que el alcalde de G\u00e1ldar, Teodoro Sosa, acompa\u00f1ado por el primer teniente de alcalde y concejal de Cultura y Fiestas del Ayuntamiento de G\u00e1ldar Julio Mateo Castillo prendiera el volador que daba permiso a los bailadores a arrancar la comitiva.<\/p>\n<p>Ya entonces era el momento de enfilar hacia las calles del casco hist\u00f3rico cientos de personas han vivido la fiesta con toda la intensidad y la tradici\u00f3n, acompa\u00f1ados de los papag\u00fcevos y las bandas de m\u00fasica, para culminar en la calle de Santiago de Los Caballeros, donde han participado de la tradicional enramada a Santiago el Peregrino.<\/p>\n<p>La jornada culminaba con uno de los conciertos m\u00e1s esperados de las fiestas, el regreso de El Vega Life, que llegaba al escenario del Recinto Cultural de La Quinta junto a las actuaciones de Monz\u00f3n e \u00cd\u00f1igo Quintero. A continuaci\u00f3n, espect\u00e1culo de drones sobre los cielos de La Quinta.<\/p>\n<p>Tambi\u00e9n se pod\u00eda disfrutar de la verbena de Armon\u00eda Show y La Combinaci\u00f3n en la plaza de Santiago, con la participaci\u00f3n de Aythami DJ y el colof\u00f3n de los fuegos artificiales y espect\u00e1culo audiovisual a medianoche desde el casco hist\u00f3rico.<\/p>\n","protected":false},"excerpt":{"rendered":"<p>\u2013 Cientos de personas salen a la calle ramas en alto para hacer su particular ofrenda a Santiago el Peregrino entre la m\u00fasica y la tradici\u00f3n de una fiesta que&hellip;<\/p>\n","protected":false},"author":2,"featured_media":89,"comment_status":"open","ping_status":"open","sticky":false,"template":"","format":"standard","meta":{"wpai_generated_summary":"","wpai_meta_description":"","footnotes":""},"categories":[129],"tags":[],"class_list":["post-88","post","type-post","status-publish","format-standard","has-post-thumbnail","hentry","category-ayuntamiento-de-galdar"],"_links":{"self":[{"href":"https:\/\/nublo.tv\/index.php\/wp-json\/wp\/v2\/posts\/88","targetHints":{"allow":["GET"]}}],"collection":[{"href":"https:\/\/nublo.tv\/index.php\/wp-json\/wp\/v2\/posts"}],"about":[{"href":"https:\/\/nublo.tv\/index.php\/wp-json\/wp\/v2\/types\/post"}],"author":[{"embeddable":true,"href":"https:\/\/nublo.tv\/index.php\/wp-json\/wp\/v2\/users\/2"}],"replies":[{"embeddable":true,"href":"https:\/\/nublo.tv\/index.php\/wp-json\/wp\/v2\/comments?post=88"}],"version-history":[{"count":1,"href":"https:\/\/nublo.tv\/index.php\/wp-json\/wp\/v2\/posts\/88\/revisions"}],"predecessor-version":[{"id":573,"href":"https:\/\/nublo.tv\/index.php\/wp-json\/wp\/v2\/posts\/88\/revisions\/573"}],"wp:featuredmedia":[{"embeddable":true,"href":"https:\/\/nublo.tv\/index.php\/wp-json\/wp\/v2\/media\/89"}],"wp:attachment":[{"href":"https:\/\/nublo.tv\/index.php\/wp-json\/wp\/v2\/media?parent=88"}],"wp:term":[{"taxonomy":"category","embeddable":true,"href":"https:\/\/nublo.tv\/index.php\/wp-json\/wp\/v2\/categories?post=88"},{"taxonomy":"post_tag","embeddable":true,"href":"https:\/\/nublo.tv\/index.php\/wp-json\/wp\/v2\/tags?post=88"}],"curies":[{"name":"wp","href":"https:\/\/api.w.org\/{rel}","templated":true}]}}