{"id":882,"date":"2026-08-04T23:49:18","date_gmt":"2026-08-04T22:49:18","guid":{"rendered":"https:\/\/nublo.tv\/?p=882"},"modified":"2026-08-04T23:49:18","modified_gmt":"2026-08-04T22:49:18","slug":"la-policia-autonomica-detiene-a-una-mujer-reclamada-por-cuatro-organos-judiciales-en-gran-canaria","status":"publish","type":"post","link":"https:\/\/nublo.tv\/index.php\/2026\/08\/04\/la-policia-autonomica-detiene-a-una-mujer-reclamada-por-cuatro-organos-judiciales-en-gran-canaria\/","title":{"rendered":"La Polic\u00eda Auton\u00f3mica detiene a una mujer reclamada por cuatro \u00f3rganos judiciales en Gran Canaria"},"content":{"rendered":"<blockquote>\n<p>Los mandamientos judiciales estaban relacionados con presuntos delitos de quebrantamiento de condena o medida cautelar, amenazas, da\u00f1os, lesiones y coacciones<\/p>\n<\/blockquote>\n<p>La Polic\u00eda Auton\u00f3mica &#8211; Cuerpo General de la Polic\u00eda Canaria (CGPC) ha detenido en el municipio de Arucas, Gran Canaria, a una mujer sobre la que pesaban cuatro \u00f3rdenes judiciales de b\u00fasqueda, detenci\u00f3n y personaci\u00f3n, emitidas por cuatro \u00f3rganos judiciales diferentes.<\/p>\n<p>Tras diversas gestiones de investigaci\u00f3n, los agentes lograron localizar a la persona reclamada y procedieron a su detenci\u00f3n en cumplimiento de los mandamientos judiciales que permanec\u00edan en vigor.<\/p>\n<p>Las \u00f3rdenes judiciales estaban relacionadas con presuntos delitos de quebrantamiento de condena o medida cautelar, amenazas, da\u00f1os, lesiones y coacciones. Una vez practicada la detenci\u00f3n, la persona fue puesta a disposici\u00f3n judicial para la ejecuci\u00f3n de las resoluciones correspondientes.<\/p>\n<h4 class=\"tag_section_header\">Etiquetas<\/h4>\n<ul class=\"tags\">\n<li><a href=\"https:\/\/www3.gobiernodecanarias.org\/noticias\/tag\/cgpc\/\" title=\"CGPC Tag\" class=\"cgpc\">CGPC<\/a><\/li>\n<li><a href=\"https:\/\/www3.gobiernodecanarias.org\/noticias\/tag\/cuerpo-general-de-la-policia-canaria\/\" title=\"Cuerpo General de la Polic\u00eda Canaria Tag\" class=\"cuerpo-general-de-la-policia-canaria\">Cuerpo General de la Polic\u00eda Canaria<\/a><\/li>\n<li><a href=\"https:\/\/www3.gobiernodecanarias.org\/noticias\/tag\/detencion\/\" title=\"detenci\u00f3n Tag\" class=\"detencion\">detenci\u00f3n<\/a><\/li>\n<li><a href=\"https:\/\/www3.gobiernodecanarias.org\/noticias\/tag\/policia-autonomica\/\" title=\"Polic\u00eda Auton\u00f3mica Tag\" class=\"policia-autonomica\">Polic\u00eda Auton\u00f3mica<\/a><\/li>\n<li><a href=\"https:\/\/www3.gobiernodecanarias.org\/noticias\/tag\/quebrantamiento-de-condena\/\" title=\"Quebrantamiento de condena Tag\" class=\"quebrantamiento-de-condena\">Quebrantamiento de condena<\/a><\/li>\n<\/ul>\n","protected":false},"excerpt":{"rendered":"<p>Los mandamientos judiciales estaban relacionados con presuntos delitos de quebrantamiento de condena o medida cautelar, amenazas, da\u00f1os, lesiones y coacciones La Polic\u00eda Auton\u00f3mica &#8211; Cuerpo General de la Polic\u00eda Canaria&hellip;<\/p>\n","protected":false},"author":1,"featured_media":883,"comment_status":"open","ping_status":"open","sticky":false,"template":"","format":"standard","meta":{"wpai_generated_summary":"","wpai_meta_description":"","footnotes":""},"categories":[121],"tags":[],"class_list":["post-882","post","type-post","status-publish","format-standard","has-post-thumbnail","hentry","category-noticias"],"_links":{"self":[{"href":"https:\/\/nublo.tv\/index.php\/wp-json\/wp\/v2\/posts\/882","targetHints":{"allow":["GET"]}}],"collection":[{"href":"https:\/\/nublo.tv\/index.php\/wp-json\/wp\/v2\/posts"}],"about":[{"href":"https:\/\/nublo.tv\/index.php\/wp-json\/wp\/v2\/types\/post"}],"author":[{"embeddable":true,"href":"https:\/\/nublo.tv\/index.php\/wp-json\/wp\/v2\/users\/1"}],"replies":[{"embeddable":true,"href":"https:\/\/nublo.tv\/index.php\/wp-json\/wp\/v2\/comments?post=882"}],"version-history":[{"count":1,"href":"https:\/\/nublo.tv\/index.php\/wp-json\/wp\/v2\/posts\/882\/revisions"}],"predecessor-version":[{"id":1071,"href":"https:\/\/nublo.tv\/index.php\/wp-json\/wp\/v2\/posts\/882\/revisions\/1071"}],"wp:featuredmedia":[{"embeddable":true,"href":"https:\/\/nublo.tv\/index.php\/wp-json\/wp\/v2\/media\/883"}],"wp:attachment":[{"href":"https:\/\/nublo.tv\/index.php\/wp-json\/wp\/v2\/media?parent=882"}],"wp:term":[{"taxonomy":"category","embeddable":true,"href":"https:\/\/nublo.tv\/index.php\/wp-json\/wp\/v2\/categories?post=882"},{"taxonomy":"post_tag","embeddable":true,"href":"https:\/\/nublo.tv\/index.php\/wp-json\/wp\/v2\/tags?post=882"}],"curies":[{"name":"wp","href":"https:\/\/api.w.org\/{rel}","templated":true}]}}