{"id":890,"date":"2026-08-04T23:49:18","date_gmt":"2026-08-04T22:49:18","guid":{"rendered":"https:\/\/nublo.tv\/?p=890"},"modified":"2026-08-04T23:49:18","modified_gmt":"2026-08-04T22:49:18","slug":"el-area-de-salud-de-fuerteventura-celebra-la-semana-de-la-lactancia-materna-decorando-con-dibujos-sus-centros","status":"publish","type":"post","link":"https:\/\/nublo.tv\/index.php\/2026\/08\/04\/el-area-de-salud-de-fuerteventura-celebra-la-semana-de-la-lactancia-materna-decorando-con-dibujos-sus-centros\/","title":{"rendered":"El \u00c1rea de Salud de Fuerteventura celebra la Semana de la Lactancia Materna decorando con dibujos sus centros"},"content":{"rendered":"<blockquote>\n<p>La iniciativa convierte las salas de lactancia en espacios m\u00e1s acogedores con ilustraciones realizadas por escolares de Primaria para promover la normalizaci\u00f3n de la lactancia materna desde la infancia<\/p>\n<p>La Gerencia Sanitaria refuerza su modelo de atenci\u00f3n humanizada con el aval de las acreditaciones IHAN y BPSO\u00ae<\/p>\n<\/blockquote>\n<p>La Gerencia de Servicios Sanitarios de Fuerteventura, adscrita a la Consejer\u00eda de Sanidad del Gobierno de Canarias, conmemora la Semana Mundial de la Lactancia Materna 2026 decorando las salas de lactancia de los centros sanitarios de la isla con dibujos relacionados realizados por alumnado del primer ciclo de Educaci\u00f3n Primaria. La iniciativa contribuye a humanizar estos espacios y a transmitir un mensaje de acogida, respeto y apoyo a las familias durante la maternidad y la crianza.<\/p>\n<p>La Semana Mundial se celebra del 1 al 7 de agosto, impulsada por la Alianza Mundial pro Lactancia Materna (WABA) y la Organizaci\u00f3n Mundial de la Salud (OMS), en colaboraci\u00f3n con UNICEF. Bajo el lema \u2018Lactancia materna para un comienzo de vida sostenible: fortalezcamos lo que funciona\u2019, esta conmemoraci\u00f3n internacional promueve la protecci\u00f3n, el apoyo y la normalizaci\u00f3n de la lactancia materna como una de las intervenciones de salud p\u00fablica con mayor impacto sobre la salud infantil y materna.<\/p>\n<p>Las ilustraciones que desde esta semana decoran las salas de lactancia forman parte de los trabajos presentados por los ni\u00f1os al concurso organizado el a\u00f1o pasado con motivo de la Semana Mundial y Europea de la Lactancia Materna por el Colegio Oficial de Enfermer\u00eda de Las Palmas, en colaboraci\u00f3n con el Programa de Enfermer\u00eda Escolar del Servicio Canario de la Salud (SCS). Los dibujos han sido cedidos para esta iniciativa, permitiendo incorporar una mirada infantil a unos espacios concebidos para acompa\u00f1ar y cuidar a las familias durante los primeros momentos de la crianza.<\/p>\n<p>La lactancia materna constituye una de las intervenciones de salud p\u00fablica con mayor impacto sobre la salud infantil y materna. En este sentido, el \u00c1rea de Salud de Fuerteventura mantiene una estrategia consolidada para promover, proteger y apoyar la lactancia, ofreciendo una atenci\u00f3n humanizada, basada en la evidencia cient\u00edfica y centrada en las necesidades de las madres, los reci\u00e9n nacidos y sus familias.<\/p>\n<p>Un compromiso con la excelencia en los cuidados<\/p>\n<p>Este compromiso qued\u00f3 refrendado el 10 de octubre de 2025, cuando la Gerencia Sanitaria alcanz\u00f3 un hito hist\u00f3rico al recibir el galard\u00f3n como la primera isla IHAN de Canarias, tras la acreditaci\u00f3n conjunta del Hospital General de Fuerteventura y de los seis centros de salud del \u00c1rea de Salud dentro de la Iniciativa para la Humanizaci\u00f3n de la Asistencia al Nacimiento y la Lactancia (iHAN). Este reconocimiento puso de manifiesto el compromiso de la Gerencia, de las instituciones y de los profesionales sanitarios por ofrecer una atenci\u00f3n excelente durante el embarazo, el nacimiento, la lactancia y la primera infancia.<\/p>\n<p>Este reconocimiento fue posible gracias al trabajo coordinado entre Atenci\u00f3n Primaria y Atenci\u00f3n Hospitalaria para garantizar la continuidad asistencial durante el embarazo, el nacimiento, la lactancia y la primera infancia, situando a las familias en el centro de los cuidados.<\/p>\n<p>A este hito se suma la designaci\u00f3n de la Gerencia de Servicios Sanitarios de Fuerteventura como Centro Comprometido con la Excelencia en Cuidados\u00ae (BPSO\u00ae), un reconocimiento internacional que avala la implantaci\u00f3n de buenas pr\u00e1cticas basadas en la evidencia cient\u00edfica, entre ellas la Gu\u00eda de Buenas Pr\u00e1cticas sobre Lactancia Materna, reforzando el compromiso de la organizaci\u00f3n con la mejora continua de la calidad asistencial.<\/p>\n<h4 class=\"tag_section_header\">Etiquetas<\/h4>\n<ul class=\"tags\">\n<li><a href=\"https:\/\/www3.gobiernodecanarias.org\/noticias\/tag\/area-de-salud-de-fuerteventura\/\" title=\"\u00c1rea de Salud de Fuerteventura Tag\" class=\"area-de-salud-de-fuerteventura\">\u00c1rea de Salud de Fuerteventura<\/a><\/li>\n<li><a href=\"https:\/\/www3.gobiernodecanarias.org\/noticias\/tag\/lactancia-materna\/\" title=\"lactancia materna Tag\" class=\"lactancia-materna\">lactancia materna<\/a><\/li>\n<\/ul>\n","protected":false},"excerpt":{"rendered":"<p>La iniciativa convierte las salas de lactancia en espacios m\u00e1s acogedores con ilustraciones realizadas por escolares de Primaria para promover la normalizaci\u00f3n de la lactancia materna desde la infancia La&hellip;<\/p>\n","protected":false},"author":1,"featured_media":891,"comment_status":"open","ping_status":"open","sticky":false,"template":"","format":"standard","meta":{"wpai_generated_summary":"","wpai_meta_description":"","footnotes":""},"categories":[121],"tags":[],"class_list":["post-890","post","type-post","status-publish","format-standard","has-post-thumbnail","hentry","category-noticias"],"_links":{"self":[{"href":"https:\/\/nublo.tv\/index.php\/wp-json\/wp\/v2\/posts\/890","targetHints":{"allow":["GET"]}}],"collection":[{"href":"https:\/\/nublo.tv\/index.php\/wp-json\/wp\/v2\/posts"}],"about":[{"href":"https:\/\/nublo.tv\/index.php\/wp-json\/wp\/v2\/types\/post"}],"author":[{"embeddable":true,"href":"https:\/\/nublo.tv\/index.php\/wp-json\/wp\/v2\/users\/1"}],"replies":[{"embeddable":true,"href":"https:\/\/nublo.tv\/index.php\/wp-json\/wp\/v2\/comments?post=890"}],"version-history":[{"count":1,"href":"https:\/\/nublo.tv\/index.php\/wp-json\/wp\/v2\/posts\/890\/revisions"}],"predecessor-version":[{"id":1067,"href":"https:\/\/nublo.tv\/index.php\/wp-json\/wp\/v2\/posts\/890\/revisions\/1067"}],"wp:featuredmedia":[{"embeddable":true,"href":"https:\/\/nublo.tv\/index.php\/wp-json\/wp\/v2\/media\/891"}],"wp:attachment":[{"href":"https:\/\/nublo.tv\/index.php\/wp-json\/wp\/v2\/media?parent=890"}],"wp:term":[{"taxonomy":"category","embeddable":true,"href":"https:\/\/nublo.tv\/index.php\/wp-json\/wp\/v2\/categories?post=890"},{"taxonomy":"post_tag","embeddable":true,"href":"https:\/\/nublo.tv\/index.php\/wp-json\/wp\/v2\/tags?post=890"}],"curies":[{"name":"wp","href":"https:\/\/api.w.org\/{rel}","templated":true}]}}