{"id":898,"date":"2026-08-04T23:49:18","date_gmt":"2026-08-04T22:49:18","guid":{"rendered":"https:\/\/nublo.tv\/?p=898"},"modified":"2026-08-04T23:49:18","modified_gmt":"2026-08-04T22:49:18","slug":"el-scs-cuenta-con-un-protocolo-asistencial-para-los-ninos-y-ninas-saharauis-del-programa-vacaciones-en-paz","status":"publish","type":"post","link":"https:\/\/nublo.tv\/index.php\/2026\/08\/04\/el-scs-cuenta-con-un-protocolo-asistencial-para-los-ninos-y-ninas-saharauis-del-programa-vacaciones-en-paz\/","title":{"rendered":"El SCS cuenta con un protocolo asistencial para los ni\u00f1os y ni\u00f1as saharauis del programa \u2018Vacaciones en paz\u2019"},"content":{"rendered":"<blockquote>\n<p>El objetivo de este documento es favorecer la integraci\u00f3n social de estas personas menores de edad durante su estancia veraniega en el archipi\u00e9lago y que puedan disfrutarla con salud<\/p>\n<\/blockquote>\n<p>La Consejer\u00eda de Sanidad del Gobierno de Canarias, a trav\u00e9s de la Direcci\u00f3n General de Programas Asistenciales del Servicio Canario de la Salud (SCS), recuerda que cuenta con un protocolo espec\u00edfico de atenci\u00f3n sanitaria para mejorar el estado de salud de los ni\u00f1os y ni\u00f1as saharauis que pasan el verano en Canarias dentro del programa \u2018Vacaciones en paz\u2019.<\/p>\n<p>Entre los objetivos espec\u00edficos de este protocolo est\u00e1 la revisi\u00f3n del estado de salud de los ni\u00f1os y ni\u00f1as que viven en los campamentos de refugiados; desarrollar actividades preventivas y de promoci\u00f3n de la salud (enfermedades adquiridas, accidentes, dificultades en el \u00e1mbito sociofamiliar, trastornos psicol\u00f3gicos) durante su estancia, confirmar un adecuado estado de inmunizaci\u00f3n de todos los ni\u00f1os y ni\u00f1as saharauis acogidos al programa, seg\u00fan los est\u00e1ndares recomendados por la Rep\u00fablica \u00c1rabe Saharaui Democr\u00e1tica (RASD), adaptado a las necesidades epidemiol\u00f3gicas de su lugar de origen y condiciones de vida, y favorecer la integraci\u00f3n social de los ni\u00f1os y ni\u00f1as durante su estancia en el archipi\u00e9lago.<\/p>\n<p>Acciones preventivas<\/p>\n<p>Este protocolo recoge que, durante la atenci\u00f3n sanitaria a estos ni\u00f1os y ni\u00f1as, se debe prestar especial atenci\u00f3n a la prevenci\u00f3n de accidentes, explicando a las familias de acogida los riesgos de intoxicaciones, ahogamientos en piscinas y el mar, ca\u00eddas o atropellos; y la prevenci\u00f3n de trastornos emocionales, reforzando en las consultas la conveniencia de un ambiente familiar y social tranquilo y equilibrado, y hacer part\u00edcipe a toda la familia de acogida de los aspectos que conciernen a la convivencia, evitando situaciones que puedan dar lugar a celos entre hijos e hijas y facilitando la comunicaci\u00f3n de la persona saharaui con su familia en los campamentos, entre otros aspectos.<\/p>\n<p>El documento tambi\u00e9n hace referencia al estilo de vida que deben llevar los ni\u00f1os y ni\u00f1as saharauis. As\u00ed, se aconsejar\u00e1 una alimentaci\u00f3n respetuosa con su cultura y creencias religiosas (sin cerdo ni derivados), variada y mediterr\u00e1nea (rica en frutas y verduras), evitar alimentos ultraprocesados, zumos industriales, golosinas y otros alimentos ricos en az\u00facares refinados.<\/p>\n<p>Tambi\u00e9n destaca que es muy importante establecer rutinas de vacaciones como juegos o actividades al aire libre, relaciones con amistades, vecindad y familia.<\/p>\n<p>Protocolo asistencial<\/p>\n<p>El protocolo \u2018Vacaciones en paz\u2019 establece tambi\u00e9n las acciones asistenciales a desarrollar con los ni\u00f1os y ni\u00f1as en acogimiento en el marco de este proyecto solidario.<\/p>\n<p>As\u00ed, en la primera visita del SCS se realizar\u00e1n: una anamnesis, examen f\u00edsico completo y pruebas de cribado, entre otras pruebas. Tambi\u00e9n se dar\u00e1 el tratamiento adecuado para las enfermedades diagnosticadas, se derivar\u00e1 a la unidad de salud bucodental correspondiente al centro de salud y, en caso necesario, se le derivar\u00e1 al servicio o unidad de atenci\u00f3n hospitalaria para un diagn\u00f3stico y tratamiento.<\/p>\n<p>Adem\u00e1s, tambi\u00e9n se revisar\u00e1 el estado vacunal del ni\u00f1o o la ni\u00f1a para, en caso de que corresponda, coordinarse con las asociaciones responsables para la actuaci\u00f3n a seguir seg\u00fan el calendario autorizado en la regi\u00f3n de origen.<\/p>\n<h4 class=\"tag_section_header\">Etiquetas<\/h4>\n<ul class=\"tags\">\n<li><a href=\"https:\/\/www3.gobiernodecanarias.org\/noticias\/tag\/scs\/\" title=\"SCS Tag\" class=\"scs\">SCS<\/a><\/li>\n<\/ul>\n","protected":false},"excerpt":{"rendered":"<p>El objetivo de este documento es favorecer la integraci\u00f3n social de estas personas menores de edad durante su estancia veraniega en el archipi\u00e9lago y que puedan disfrutarla con salud La&hellip;<\/p>\n","protected":false},"author":1,"featured_media":899,"comment_status":"open","ping_status":"open","sticky":false,"template":"","format":"standard","meta":{"wpai_generated_summary":"","wpai_meta_description":"","footnotes":""},"categories":[121],"tags":[],"class_list":["post-898","post","type-post","status-publish","format-standard","has-post-thumbnail","hentry","category-noticias"],"_links":{"self":[{"href":"https:\/\/nublo.tv\/index.php\/wp-json\/wp\/v2\/posts\/898","targetHints":{"allow":["GET"]}}],"collection":[{"href":"https:\/\/nublo.tv\/index.php\/wp-json\/wp\/v2\/posts"}],"about":[{"href":"https:\/\/nublo.tv\/index.php\/wp-json\/wp\/v2\/types\/post"}],"author":[{"embeddable":true,"href":"https:\/\/nublo.tv\/index.php\/wp-json\/wp\/v2\/users\/1"}],"replies":[{"embeddable":true,"href":"https:\/\/nublo.tv\/index.php\/wp-json\/wp\/v2\/comments?post=898"}],"version-history":[{"count":1,"href":"https:\/\/nublo.tv\/index.php\/wp-json\/wp\/v2\/posts\/898\/revisions"}],"predecessor-version":[{"id":1062,"href":"https:\/\/nublo.tv\/index.php\/wp-json\/wp\/v2\/posts\/898\/revisions\/1062"}],"wp:featuredmedia":[{"embeddable":true,"href":"https:\/\/nublo.tv\/index.php\/wp-json\/wp\/v2\/media\/899"}],"wp:attachment":[{"href":"https:\/\/nublo.tv\/index.php\/wp-json\/wp\/v2\/media?parent=898"}],"wp:term":[{"taxonomy":"category","embeddable":true,"href":"https:\/\/nublo.tv\/index.php\/wp-json\/wp\/v2\/categories?post=898"},{"taxonomy":"post_tag","embeddable":true,"href":"https:\/\/nublo.tv\/index.php\/wp-json\/wp\/v2\/tags?post=898"}],"curies":[{"name":"wp","href":"https:\/\/api.w.org\/{rel}","templated":true}]}}