{"id":900,"date":"2026-08-04T23:49:18","date_gmt":"2026-08-04T22:49:18","guid":{"rendered":"https:\/\/nublo.tv\/?p=900"},"modified":"2026-08-04T23:49:18","modified_gmt":"2026-08-04T22:49:18","slug":"puertos-canarios-ratifica-la-denominacion-de-muelle-de-la-esperanza-al-dique-externo-del-puerto-de-arguineguin","status":"publish","type":"post","link":"https:\/\/nublo.tv\/index.php\/2026\/08\/04\/puertos-canarios-ratifica-la-denominacion-de-muelle-de-la-esperanza-al-dique-externo-del-puerto-de-arguineguin\/","title":{"rendered":"Puertos Canarios ratifica la denominaci\u00f3n de \u2018Muelle de la Esperanza\u2019 al dique externo del puerto de Arguinegu\u00edn"},"content":{"rendered":"<blockquote>\n<p>El acuerdo consolida oficialmente la nueva denominaci\u00f3n de este enclave portuario, convertido en un s\u00edmbolo de solidaridad, acogida y esperanza<\/p>\n<p>El cambio de nombre rinde homenaje a la respuesta humanitaria desplegada durante la crisis migratoria y al compromiso de las instituciones, las organizaciones sociales y la ciudadan\u00eda canaria<\/p>\n<\/blockquote>\n<p><strong>El Consejo de Administraci\u00f3n de Puertos Canarios ha ratificado la denominaci\u00f3n de Muelle de la Esperanza para el dique externo del puerto de Arguinegu\u00edn, en el municipio de Mog\u00e1n (Gran Canaria), consolidando oficialmente el nombre con el que este enclave quiere preservar la memoria de uno de los episodios m\u00e1s dif\u00edciles vividos por Canarias y poner en valor la solidaridad demostrada por la sociedad canaria.<\/strong><\/p>\n<p>La decisi\u00f3n da continuidad al acuerdo impulsado por Puertos Canarios y el Gobierno de Canarias para sustituir la denominaci\u00f3n con la que el puerto fue conocido durante la crisis migratoria de 2020, cuando el hacinamiento de miles de personas migrantes provoc\u00f3 que fuera identificado p\u00fablicamente como el \u00abmuelle de la verg\u00fcenza\u00bb.<\/p>\n<p>El director gerente de Puertos Canarios, Jos\u00e9 Gilberto Moreno, ha se\u00f1alado que \u00abla ratificaci\u00f3n de esta denominaci\u00f3n supone consolidar un espacio que representa los valores de solidaridad, acogida y humanidad que siempre han caracterizado a Canarias. Queremos que este muelle sea recordado por la capacidad de nuestra tierra para tender la mano a quienes m\u00e1s lo necesitaban\u00bb.<\/p>\n<p>Asimismo, ha destacado que \u00abel Muelle de la Esperanza es hoy un lugar de memoria y reconocimiento. Con este acuerdo rendimos homenaje a todas las personas e instituciones que trabajaron de manera incansable durante la crisis migratoria y contribuimos a que las futuras generaciones conozcan lo que aqu\u00ed ocurri\u00f3 desde una perspectiva de dignidad y esperanza\u00bb.<\/p>\n<p><strong>Un s\u00edmbolo de memoria y esperanza<\/strong><\/p>\n<p>La nueva denominaci\u00f3n cobr\u00f3 un especial significado tras la visita realizada el pasado 11 de junio por Su Santidad Le\u00f3n XIV, quien se convirti\u00f3 en el primer pont\u00edfice en visitar el archipi\u00e9lago canario y eligi\u00f3 este enclave para encontrarse con personas migrantes, voluntarios y profesionales que participaron en la atenci\u00f3n humanitaria durante la crisis migratoria.<\/p>\n<p>Posteriormente, el Gobierno de Canarias y Puertos Canarios celebraron un acto institucional en el que se descubri\u00f3 una placa conmemorativa que identifica oficialmente el recinto como Muelle de la Esperanza, as\u00ed como una cruz elaborada con madera procedente de embarcaciones utilizadas por personas migrantes en su traves\u00eda hacia las Islas, bendecida por el Santo Padre como s\u00edmbolo de acogida y fraternidad.<\/p>\n<p>Este espacio constituye, adem\u00e1s, un reconocimiento permanente a la labor desarrollada por organizaciones como C\u00e1ritas, Salvamento Mar\u00edtimo, los cuerpos y fuerzas de seguridad, las administraciones p\u00fablicas y el conjunto de la sociedad canaria, cuya respuesta fue decisiva para hacer frente a uno de los mayores desaf\u00edos humanitarios vividos por el archipi\u00e9lago en las \u00faltimas d\u00e9cadas.<\/p>\n<p>&nbsp;<\/p>\n<p>&nbsp;<\/p>\n<p>&nbsp;<\/p>\n<h4 class=\"tag_section_header\">Etiquetas<\/h4>\n<ul class=\"tags\">\n<li><a href=\"https:\/\/www3.gobiernodecanarias.org\/noticias\/tag\/muelle-de-la-esperanza\/\" title=\"Muelle de la Esperanza Tag\" class=\"muelle-de-la-esperanza\">Muelle de la Esperanza<\/a><\/li>\n<li><a href=\"https:\/\/www3.gobiernodecanarias.org\/noticias\/tag\/puerto-de-arguineguin\/\" title=\"Puerto de Arguinegu\u00edn Tag\" class=\"puerto-de-arguineguin\">Puerto de Arguinegu\u00edn<\/a><\/li>\n<\/ul>\n","protected":false},"excerpt":{"rendered":"<p>El acuerdo consolida oficialmente la nueva denominaci\u00f3n de este enclave portuario, convertido en un s\u00edmbolo de solidaridad, acogida y esperanza El cambio de nombre rinde homenaje a la respuesta humanitaria&hellip;<\/p>\n","protected":false},"author":1,"featured_media":901,"comment_status":"open","ping_status":"open","sticky":false,"template":"","format":"standard","meta":{"wpai_generated_summary":"","wpai_meta_description":"","footnotes":""},"categories":[121],"tags":[],"class_list":["post-900","post","type-post","status-publish","format-standard","has-post-thumbnail","hentry","category-noticias"],"_links":{"self":[{"href":"https:\/\/nublo.tv\/index.php\/wp-json\/wp\/v2\/posts\/900","targetHints":{"allow":["GET"]}}],"collection":[{"href":"https:\/\/nublo.tv\/index.php\/wp-json\/wp\/v2\/posts"}],"about":[{"href":"https:\/\/nublo.tv\/index.php\/wp-json\/wp\/v2\/types\/post"}],"author":[{"embeddable":true,"href":"https:\/\/nublo.tv\/index.php\/wp-json\/wp\/v2\/users\/1"}],"replies":[{"embeddable":true,"href":"https:\/\/nublo.tv\/index.php\/wp-json\/wp\/v2\/comments?post=900"}],"version-history":[{"count":1,"href":"https:\/\/nublo.tv\/index.php\/wp-json\/wp\/v2\/posts\/900\/revisions"}],"predecessor-version":[{"id":1063,"href":"https:\/\/nublo.tv\/index.php\/wp-json\/wp\/v2\/posts\/900\/revisions\/1063"}],"wp:featuredmedia":[{"embeddable":true,"href":"https:\/\/nublo.tv\/index.php\/wp-json\/wp\/v2\/media\/901"}],"wp:attachment":[{"href":"https:\/\/nublo.tv\/index.php\/wp-json\/wp\/v2\/media?parent=900"}],"wp:term":[{"taxonomy":"category","embeddable":true,"href":"https:\/\/nublo.tv\/index.php\/wp-json\/wp\/v2\/categories?post=900"},{"taxonomy":"post_tag","embeddable":true,"href":"https:\/\/nublo.tv\/index.php\/wp-json\/wp\/v2\/tags?post=900"}],"curies":[{"name":"wp","href":"https:\/\/api.w.org\/{rel}","templated":true}]}}