{"id":906,"date":"2026-08-04T23:49:15","date_gmt":"2026-08-04T22:49:15","guid":{"rendered":"https:\/\/nublo.tv\/?p=906"},"modified":"2026-08-04T23:49:15","modified_gmt":"2026-08-04T22:49:15","slug":"el-cabildo-de-gran-canaria-lanza-un-programa-pionero-para-experimentar-con-inteligencia-artificial-y-tecnologias-emergentes-en-el-sector-publico-2","status":"publish","type":"post","link":"https:\/\/nublo.tv\/index.php\/2026\/08\/04\/el-cabildo-de-gran-canaria-lanza-un-programa-pionero-para-experimentar-con-inteligencia-artificial-y-tecnologias-emergentes-en-el-sector-publico-2\/","title":{"rendered":"El Cabildo de Gran Canaria lanza un programa pionero para experimentar con inteligencia artificial y tecnologi\u0301as emergentes en el sector pu\u0301blico"},"content":{"rendered":"<p>El Cabildo de Gran Canaria lanza un programa pionero para experimentar con inteligencia artificial y tecnolog\u00edas emergentes en el sector p\u00fablico<\/p>\n<p>La convocatoria 2026-2027 seleccionar\u00e1 proyectos de empresas y proyectos tecnol\u00f3gicos emergentes canarios que desarrollen soluciones innovadoras a\u00fan no comercializadas<\/p>\n<p>Las entidades deben estar radicadas en la isla y aportar iniciativas que contribuyan a mejorar la gobernanza y los servicios p\u00fablicos<\/p>\n<p>Gran Canaria, 3 de agosto de 2026 \u2013 El Cabildo de Gran Canaria ha aprobado el Programa de Experimentaci\u00f3n P\u00fablica en IA y Tecnolog\u00edas Emergentes, un instrumento pionero de innovaci\u00f3n aplicada que permitir\u00e1 probar y refinar, en entornos acotados y controlados, soluciones basadas en inteligencia artificial y tecnolog\u00edas disruptivas todav\u00eda no comercializadas. La iniciativa, de car\u00e1cter anual, ha abierto su primera convocatoria para el periodo 2026-2027.<\/p>\n<p>El Programa est\u00e1 impulsado a trav\u00e9s del Servicio de Coordinaci\u00f3n, Modernizaci\u00f3n e Innovaci\u00f3n Administrativa del Cabildo de Gran Canaria, adscrito a la Consejer\u00eda de Presidencia y Movilidad Sostenible, que coordina Teodoro Sosa. La iniciativa se concibe como un mecanismo de colaboraci\u00f3n no onerosa entre la Administraci\u00f3n y el ecosistema emprendedor: el Cabildo aportar\u00e1 conocimiento de personal p\u00fablico experto para contrastar y validar prototipos, sin que ello implique contrataci\u00f3n, subvenci\u00f3n, aportaci\u00f3n econ\u00f3mica ni compromiso de implantaci\u00f3n posterior.<\/p>\n<p>El objetivo es generar conocimiento colectivo que mejore la capacidad de respuesta de lo p\u00fablico ante los retos de la transformaci\u00f3n digital y contribuya a los Objetivos de Desarrollo Sostenible (ODS). \u201cQueremos que Gran Canaria sea un espacio donde la innovaci\u00f3n se pruebe, se aprenda y se mejore, generando beneficios compartidos para la Administraci\u00f3n, las empresas y la ciudadan\u00eda\u201d, ha se\u00f1alado el consejero Teodoro Sosa.<\/p>\n<p>C\u00f3mo funciona<\/p>\n<p>En r\u00e9gimen de concurrencia competitiva, se seleccionar\u00e1n hasta tres proyectos al a\u00f1o promovidos por empresas y proyectos tecnol\u00f3gicos con domicilio fiscal, delegaci\u00f3n, oficina o presencia operativa en Gran Canaria. Las entidades candidatas deber\u00e1n contar con una prueba de concepto o prototipo funcional suficientemente maduro, basado en IA o tecnolog\u00edas emergentes y a\u00fan no comercializado, con potencial aplicaci\u00f3n a la mejora de la gobernanza y los servicios p\u00fablicos.<\/p>\n<p>&nbsp;<\/p>\n<p>Cada proyecto seleccionado contar\u00e1 con sesiones de contraste con empleados y empleadas de la administraci\u00f3n p\u00fablica \u2014con una dedicaci\u00f3n m\u00e1xima de una hora semanal durante un periodo de hasta tres meses\u2014 que permitir\u00e1n a las empresas mejorar el encaje entre problema y soluci\u00f3n, reducir el riesgo de validaci\u00f3n temprana y acelerar la maduraci\u00f3n de sus productos con evidencias reales de desempe\u00f1o. Las propuestas podr\u00e1n incorporar entidades colaboradoras como universidades, centros de I+D+i y organizaciones sin \u00e1nimo de lucro.<\/p>\n<p>La participaci\u00f3n ofrece acceso directo al conocimiento de las necesidades reales de la Administraci\u00f3n, mejora de la usabilidad de las soluciones, reducci\u00f3n de los costes de validaci\u00f3n y orientaci\u00f3n de la innovaci\u00f3n hacia un impacto medible y verificable, \u00fatil para el desarrollo de producto, la financiaci\u00f3n y las alianzas.<\/p>\n<p>Alineaci\u00f3n estrat\u00e9gica<\/p>\n<p>El Programa se enmarca en el Plan Estrat\u00e9gico de Gobernanza e Innovaci\u00f3n P\u00fablica (PEGIP) del Cabildo y en las din\u00e1micas del Laboratorio de Innovaci\u00f3n Gran Canaria GobLab. Asimismo, es coherente con la Agenda Espa\u00f1a Digital, la D\u00e9cada Digital 2030 europea, la Nueva Agenda Europea de Innovaci\u00f3n y el marco normativo europeo de inteligencia artificial (Reglamento UE 2024\/1689), orientado a una IA fiable y centrada en las personas.<\/p>\n<p>&nbsp;<\/p>\n<p>La Resoluci\u00f3n y sus bases se encuentran publicadas en la sede electr\u00f3nica del Cabildo de Gran Canaria, en el siguiente enlace: https:\/\/sede.grancanaria.com\/info-autorizaciones?codigoProcedimiento=AutoCMIA_IA<\/p>\n<p>&nbsp;<\/p>\n<p>&nbsp;<\/p>\n<p>&nbsp;<\/p>\n","protected":false},"excerpt":{"rendered":"<p>El Cabildo de Gran Canaria lanza un programa pionero para experimentar con inteligencia artificial y tecnolog\u00edas emergentes en el sector p\u00fablico La convocatoria 2026-2027 seleccionar\u00e1 proyectos de empresas y proyectos&hellip;<\/p>\n","protected":false},"author":1,"featured_media":962,"comment_status":"open","ping_status":"open","sticky":false,"template":"","format":"standard","meta":{"wpai_generated_summary":"","wpai_meta_description":"","footnotes":""},"categories":[148],"tags":[],"class_list":["post-906","post","type-post","status-publish","format-standard","has-post-thumbnail","hentry","category-cabildo-de-gran-canaria"],"_links":{"self":[{"href":"https:\/\/nublo.tv\/index.php\/wp-json\/wp\/v2\/posts\/906","targetHints":{"allow":["GET"]}}],"collection":[{"href":"https:\/\/nublo.tv\/index.php\/wp-json\/wp\/v2\/posts"}],"about":[{"href":"https:\/\/nublo.tv\/index.php\/wp-json\/wp\/v2\/types\/post"}],"author":[{"embeddable":true,"href":"https:\/\/nublo.tv\/index.php\/wp-json\/wp\/v2\/users\/1"}],"replies":[{"embeddable":true,"href":"https:\/\/nublo.tv\/index.php\/wp-json\/wp\/v2\/comments?post=906"}],"version-history":[{"count":1,"href":"https:\/\/nublo.tv\/index.php\/wp-json\/wp\/v2\/posts\/906\/revisions"}],"predecessor-version":[{"id":961,"href":"https:\/\/nublo.tv\/index.php\/wp-json\/wp\/v2\/posts\/906\/revisions\/961"}],"wp:featuredmedia":[{"embeddable":true,"href":"https:\/\/nublo.tv\/index.php\/wp-json\/wp\/v2\/media\/962"}],"wp:attachment":[{"href":"https:\/\/nublo.tv\/index.php\/wp-json\/wp\/v2\/media?parent=906"}],"wp:term":[{"taxonomy":"category","embeddable":true,"href":"https:\/\/nublo.tv\/index.php\/wp-json\/wp\/v2\/categories?post=906"},{"taxonomy":"post_tag","embeddable":true,"href":"https:\/\/nublo.tv\/index.php\/wp-json\/wp\/v2\/tags?post=906"}],"curies":[{"name":"wp","href":"https:\/\/api.w.org\/{rel}","templated":true}]}}