{"id":911,"date":"2026-08-04T23:49:15","date_gmt":"2026-08-04T22:49:15","guid":{"rendered":"https:\/\/nublo.tv\/?p=911"},"modified":"2026-08-04T23:50:40","modified_gmt":"2026-08-04T22:50:40","slug":"el-cabildo-impulsa-la-dinamizacion-de-la-zona-comercial-abierta-de-san-gregorio-con-una-nueva-edicion-de-noches-que-saben-a-telde","status":"publish","type":"post","link":"https:\/\/nublo.tv\/index.php\/2026\/08\/04\/el-cabildo-impulsa-la-dinamizacion-de-la-zona-comercial-abierta-de-san-gregorio-con-una-nueva-edicion-de-noches-que-saben-a-telde\/","title":{"rendered":"El Cabildo impulsa la dinamizacio\u0301n de la Zona Comercial Abierta de San Gregorio con una nueva edicio\u0301n de &#8216;Noches que Saben a Telde&#8217;"},"content":{"rendered":"<p>El Cabildo impulsa la dinamizaci\u00f3n de la Zona Comercial Abierta de San Gregorio con una nueva edici\u00f3n de &#8216;Noches que Saben a Telde&#8217;La iniciativa, apoyada por la Consejer\u00eda de Desarrollo Econ\u00f3mico, Industria, Comercio y Artesan\u00eda, re\u00fane a restauradores, bodegas y productores locales para reforzar el comercio de proximidad y poner en valor la gastronom\u00eda de Gran Canaria Gran Canaria, 31 de julio de 2026.- El Cabildo de Gran Canaria contin\u00faa respaldando iniciativas que contribuyen a activar las Zonas Comerciales Abiertas de la isla y a fortalecer el tejido empresarial local. En esta l\u00ednea, la consejera de Desarrollo Econ\u00f3mico, Industria, Comercio y Artesan\u00eda, Minerva Alonso, ha participado este viernes en la celebraci\u00f3n de la tercera edici\u00f3n de &#8216;Noches que Saben a Telde&#8217;, una propuesta gastron\u00f3mica y cultural impulsada por la Asociaci\u00f3n de Empresarios de la Zona Comercial Abierta de Telde que convierte la Plaza de Do\u00f1a Rafaela en un punto de encuentro entre comercio, restauraci\u00f3n, producto local y ciudadan\u00eda.Durante el acto, la consejera ha destacado que \u00ablas Zonas Comerciales Abiertas son espacios vivos que generan actividad econ\u00f3mica, empleo y convivencia. Desde el Cabildo seguimos apostando por proyectos que ayudan a atraer visitantes, apoyan a nuestras empresas y ponen en valor el talento y los productos de Gran Canaria\u00bb.Minerva Alonso ha subrayado adem\u00e1s que iniciativas como esta \u00abdemuestran que la colaboraci\u00f3n entre administraciones, asociaciones empresariales y sector privado permite desarrollar propuestas capaces de fomentar la econom\u00eda local y ofrecer experiencias de calidad tanto a residentes como a quienes visitan la isla\u00bb.La tercera edici\u00f3n de &#8216;Noches que Saben a Telde&#8217; re\u00fane ocho establecimientos de restauraci\u00f3n que ofrecen pinchos y tapas elaborados con producto de cercan\u00eda, junto a seis bodegas de la Denominaci\u00f3n de Origen Gran Canaria y actuaciones de m\u00fasica en directo, configurando una oferta que combina gastronom\u00eda, cultura y comercio local.La celebraci\u00f3n responde al \u00e9xito de las ediciones anteriores, que lograron dinamizar la actividad comercial de la zona, potenciar el consumo de producto local, atraer p\u00fablico de distintos municipios de la isla y consolidar la Plaza de Do\u00f1a Rafaela como un espacio de referencia para este tipo de iniciativas.Con acciones de este tipo, el Cabildo de Gran Canaria contin\u00faa impulsando actuaciones que favorecen la competitividad del peque\u00f1o comercio, generan nuevas oportunidades para la restauraci\u00f3n y contribuyen a reforzar la identidad de las Zonas Comerciales Abiertas como espacios de actividad econ\u00f3mica, social y cultural.<\/p>\n<p>Buenas noches compa\u00f1eros\/as.<\/p>\n<p>El Cabildo impulsa la dinamizaci\u00f3n de la Zona Comercial Abierta de San Gregorio con una nueva edici\u00f3n de &#8216;Noches que Saben a Telde&#8217;La iniciativa, apoyada por la Consejer\u00eda de Desarrollo Econ\u00f3mico, Industria, Comercio y Artesan\u00eda, re\u00fane a restauradores, bodegas y productores locales para reforzar el comercio de proximidad y poner en valor la gastronom\u00eda de Gran CanariaGran Canaria, 31 de julio de 2026.- El Cabildo de Gran Canaria contin\u00faa respaldando iniciativas que contribuyen a activar las Zonas Comerciales Abiertas de la isla y a fortalecer el tejido empresarial local. En esta l\u00ednea, la consejera de Desarrollo Econ\u00f3mico, Industria, Comercio y Artesan\u00eda, Minerva Alonso, ha participado este viernes en la celebraci\u00f3n de la tercera edici\u00f3n de &#8216;Noches que Saben a Telde&#8217;, una propuesta gastron\u00f3mica y cultural impulsada por la Asociaci\u00f3n de Empresarios de la Zona Comercial Abierta de Telde que convierte la Plaza de Do\u00f1a Rafaela en un punto de encuentro entre comercio, restauraci\u00f3n, producto local y ciudadan\u00eda.Durante el acto, la consejera ha destacado que \u00ablas Zonas Comerciales Abiertas son espacios vivos que generan actividad econ\u00f3mica, empleo y convivencia. Desde el Cabildo seguimos apostando por proyectos que ayudan a atraer visitantes, apoyan a nuestras empresas y ponen en valor el talento y los productos de Gran Canaria\u00bb.Minerva Alonso ha subrayado adem\u00e1s que iniciativas como esta \u00abdemuestran que la colaboraci\u00f3n entre administraciones, asociaciones empresariales y sector privado permite desarrollar propuestas capaces de fomentar la econom\u00eda local y ofrecer experiencias de calidad tanto a residentes como a quienes visitan la isla\u00bb.La tercera edici\u00f3n de &#8216;Noches que Saben a Telde&#8217; re\u00fane ocho establecimientos de restauraci\u00f3n que ofrecen pinchos y tapas elaborados con producto de cercan\u00eda, junto a seis bodegas de la Denominaci\u00f3n de Origen Gran Canaria y actuaciones de m\u00fasica en directo, configurando una oferta que combina gastronom\u00eda, cultura y comercio local.La celebraci\u00f3n responde al \u00e9xito de las ediciones anteriores, que lograron dinamizar la actividad comercial de la zona, potenciar el consumo de producto local, atraer p\u00fablico de distintos municipios de la isla y consolidar la Plaza de Do\u00f1a Rafaela como un espacio de referencia para este tipo de iniciativas.Con acciones de este tipo, el Cabildo de Gran Canaria contin\u00faa impulsando actuaciones que favorecen la competitividad del peque\u00f1o comercio, generan nuevas oportunidades para la restauraci\u00f3n y contribuyen a reforzar la identidad de las Zonas Comerciales Abiertas como espacios de actividad econ\u00f3mica, social y cultural.<\/p>\n<p>El Cabildo impulsa la dinamizaci\u00f3n de la Zona Comercial Abierta de San Gregorio con una nueva edici\u00f3n de &#8216;Noches que Saben a Telde&#8217;<\/p>\n<p>La iniciativa, apoyada por la Consejer\u00eda de Desarrollo Econ\u00f3mico, Industria, Comercio y Artesan\u00eda, re\u00fane a restauradores, bodegas y productores locales para reforzar el comercio de proximidad y poner en valor la gastronom\u00eda de Gran Canaria<\/p>\n<p>Gran Canaria, 31 de julio de 2026.- El Cabildo de Gran Canaria contin\u00faa respaldando iniciativas que contribuyen a activar las Zonas Comerciales Abiertas de la isla y a fortalecer el tejido empresarial local. En esta l\u00ednea, la consejera de Desarrollo Econ\u00f3mico, Industria, Comercio y Artesan\u00eda, Minerva Alonso, ha participado este viernes en la celebraci\u00f3n de la tercera edici\u00f3n de &#8216;Noches que Saben a Telde&#8217;, una propuesta gastron\u00f3mica y cultural impulsada por la Asociaci\u00f3n de Empresarios de la Zona Comercial Abierta de Telde que convierte la Plaza de Do\u00f1a Rafaela en un punto de encuentro entre comercio, restauraci\u00f3n, producto local y ciudadan\u00eda.<\/p>\n<p>Durante el acto, la consejera ha destacado que \u00ablas Zonas Comerciales Abiertas son espacios vivos que generan actividad econ\u00f3mica, empleo y convivencia. Desde el Cabildo seguimos apostando por proyectos que ayudan a atraer visitantes, apoyan a nuestras empresas y ponen en valor el talento y los productos de Gran Canaria\u00bb.<\/p>\n<p>Minerva Alonso ha subrayado adem\u00e1s que iniciativas como esta \u00abdemuestran que la colaboraci\u00f3n entre administraciones, asociaciones empresariales y sector privado permite desarrollar propuestas capaces de fomentar la econom\u00eda local y ofrecer experiencias de calidad tanto a residentes como a quienes visitan la isla\u00bb.<\/p>\n<p>La tercera edici\u00f3n de &#8216;Noches que Saben a Telde&#8217; re\u00fane ocho establecimientos de restauraci\u00f3n que ofrecen pinchos y tapas elaborados con producto de cercan\u00eda, junto a seis bodegas de la Denominaci\u00f3n de Origen Gran Canaria y actuaciones de m\u00fasica en directo, configurando una oferta que combina gastronom\u00eda, cultura y comercio local.<\/p>\n<p>La celebraci\u00f3n responde al \u00e9xito de las ediciones anteriores, que lograron dinamizar la actividad comercial de la zona, potenciar el consumo de producto local, atraer p\u00fablico de distintos municipios de la isla y consolidar la Plaza de Do\u00f1a Rafaela como un espacio de referencia para este tipo de iniciativas.<\/p>\n<p>Con acciones de este tipo, el Cabildo de Gran Canaria contin\u00faa impulsando actuaciones que favorecen la competitividad del peque\u00f1o comercio, generan nuevas oportunidades para la restauraci\u00f3n y contribuyen a reforzar la identidad de las Zonas Comerciales Abiertas como espacios de actividad econ\u00f3mica, social y cultural.<\/p>\n","protected":false},"excerpt":{"rendered":"<p>Buenas noches compa\u00f1eros\/as.El Cabildo impulsa la dinamizaci\u00f3n de la Zona Comercial Abierta de San Gregorio con una nueva edici\u00f3n de &#039;Noches que Saben a Telde&#039;La iniciativa, apoyada por la Consejer\u00eda&hellip;<\/p>\n","protected":false},"author":1,"featured_media":959,"comment_status":"open","ping_status":"open","sticky":false,"template":"","format":"standard","meta":{"wpai_generated_summary":"","wpai_meta_description":"","footnotes":""},"categories":[148],"tags":[],"class_list":["post-911","post","type-post","status-publish","format-standard","has-post-thumbnail","hentry","category-cabildo-de-gran-canaria"],"_links":{"self":[{"href":"https:\/\/nublo.tv\/index.php\/wp-json\/wp\/v2\/posts\/911","targetHints":{"allow":["GET"]}}],"collection":[{"href":"https:\/\/nublo.tv\/index.php\/wp-json\/wp\/v2\/posts"}],"about":[{"href":"https:\/\/nublo.tv\/index.php\/wp-json\/wp\/v2\/types\/post"}],"author":[{"embeddable":true,"href":"https:\/\/nublo.tv\/index.php\/wp-json\/wp\/v2\/users\/1"}],"replies":[{"embeddable":true,"href":"https:\/\/nublo.tv\/index.php\/wp-json\/wp\/v2\/comments?post=911"}],"version-history":[{"count":2,"href":"https:\/\/nublo.tv\/index.php\/wp-json\/wp\/v2\/posts\/911\/revisions"}],"predecessor-version":[{"id":1095,"href":"https:\/\/nublo.tv\/index.php\/wp-json\/wp\/v2\/posts\/911\/revisions\/1095"}],"wp:featuredmedia":[{"embeddable":true,"href":"https:\/\/nublo.tv\/index.php\/wp-json\/wp\/v2\/media\/959"}],"wp:attachment":[{"href":"https:\/\/nublo.tv\/index.php\/wp-json\/wp\/v2\/media?parent=911"}],"wp:term":[{"taxonomy":"category","embeddable":true,"href":"https:\/\/nublo.tv\/index.php\/wp-json\/wp\/v2\/categories?post=911"},{"taxonomy":"post_tag","embeddable":true,"href":"https:\/\/nublo.tv\/index.php\/wp-json\/wp\/v2\/tags?post=911"}],"curies":[{"name":"wp","href":"https:\/\/api.w.org\/{rel}","templated":true}]}}