{"id":913,"date":"2026-08-04T23:49:14","date_gmt":"2026-08-04T22:49:14","guid":{"rendered":"https:\/\/nublo.tv\/?p=913"},"modified":"2026-08-04T23:49:14","modified_gmt":"2026-08-04T22:49:14","slug":"el-cabildo-financia-la-mejora-de-la-edar-del-sureste-y-dos-proyectos-de-movilidad-sostenible-y-eficiencia-energetica-en-la-comarca-norte","status":"publish","type":"post","link":"https:\/\/nublo.tv\/index.php\/2026\/08\/04\/el-cabildo-financia-la-mejora-de-la-edar-del-sureste-y-dos-proyectos-de-movilidad-sostenible-y-eficiencia-energetica-en-la-comarca-norte\/","title":{"rendered":"El Cabildo financia la mejora de la EDAR del Sureste y dos proyectos de movilidad sostenible y eficiencia energe\u0301tica en la comarca Norte"},"content":{"rendered":"<p>&lt;!&#8211;<br \/>\n \/* Font Definitions *\/<br \/>\n @font-face<br \/>\n\t{font-family:SimSun;<br \/>\n\tpanose-1:2 1 6 0 3 1 1 1 1 1;<br \/>\n\tmso-font-alt:&#23435;&#20307;;<br \/>\n\tmso-font-charset:134;<br \/>\n\tmso-generic-font-family:auto;<br \/>\n\tmso-font-pitch:variable;<br \/>\n\tmso-font-signature:515 680460288 22 0 262145 0;}<br \/>\n@font-face<br \/>\n\t{font-family:&quot;Cambria Math&quot;;<br \/>\n\tpanose-1:2 4 5 3 5 4 6 3 2 4;<br \/>\n\tmso-font-charset:1;<br \/>\n\tmso-generic-font-family:roman;<br \/>\n\tmso-font-pitch:variable;<br \/>\n\tmso-font-signature:0 0 0 0 0 0;}<br \/>\n@font-face<br \/>\n\t{font-family:Calibri;<br \/>\n\tpanose-1:2 15 5 2 2 2 4 3 2 4;<br \/>\n\tmso-font-charset:0;<br \/>\n\tmso-generic-font-family:swiss;<br \/>\n\tmso-font-pitch:variable;<br \/>\n\tmso-font-signature:-469750017 -1073732485 9 0 511 0;}<br \/>\n@font-face<br \/>\n\t{font-family:&quot;@SimSun&quot;;<br \/>\n\tpanose-1:2 1 6 0 3 1 1 1 1 1;<br \/>\n\tmso-font-charset:134;<br \/>\n\tmso-generic-font-family:auto;<br \/>\n\tmso-font-pitch:variable;<br \/>\n\tmso-font-signature:515 680460288 22 0 262145 0;}<br \/>\n \/* Style Definitions *\/<br \/>\n p.MsoNormal, li.MsoNormal, div.MsoNormal<br \/>\n\t{mso-style-unhide:no;<br \/>\n\tmso-style-qformat:yes;<br \/>\n\tmso-style-parent:&quot;&quot;;<br \/>\n\tmargin-top:0cm;<br \/>\n\tmargin-right:0cm;<br \/>\n\tmargin-bottom:8.0pt;<br \/>\n\tmargin-left:0cm;<br \/>\n\tline-height:107%;<br \/>\n\tmso-pagination:widow-orphan;<br \/>\n\tfont-size:11.0pt;<br \/>\n\tfont-family:&quot;Calibri&quot;,sans-serif;<br \/>\n\tmso-ascii-font-family:Calibri;<br \/>\n\tmso-ascii-theme-font:minor-latin;<br \/>\n\tmso-fareast-font-family:SimSun;<br \/>\n\tmso-fareast-theme-font:minor-fareast;<br \/>\n\tmso-hansi-font-family:Calibri;<br \/>\n\tmso-hansi-theme-font:minor-latin;<br \/>\n\tmso-bidi-font-family:&quot;Times New Roman&quot;;<br \/>\n\tmso-bidi-theme-font:minor-bidi;}<br \/>\np.MsoHeader, li.MsoHeader, div.MsoHeader<br \/>\n\t{mso-style-priority:99;<br \/>\n\tmso-style-link:&quot;Encabezado Car&quot;;<br \/>\n\tmargin:0cm;<br \/>\n\tmargin-bottom:.0001pt;<br \/>\n\tmso-pagination:widow-orphan;<br \/>\n\ttab-stops:center 212.6pt right 425.2pt;<br \/>\n\tfont-size:11.0pt;<br \/>\n\tfont-family:&quot;Calibri&quot;,sans-serif;<br \/>\n\tmso-ascii-font-family:Calibri;<br \/>\n\tmso-ascii-theme-font:minor-latin;<br \/>\n\tmso-fareast-font-family:SimSun;<br \/>\n\tmso-fareast-theme-font:minor-fareast;<br \/>\n\tmso-hansi-font-family:Calibri;<br \/>\n\tmso-hansi-theme-font:minor-latin;<br \/>\n\tmso-bidi-font-family:&quot;Times New Roman&quot;;<br \/>\n\tmso-bidi-theme-font:minor-bidi;}<br \/>\np.MsoFooter, li.MsoFooter, div.MsoFooter<br \/>\n\t{mso-style-priority:99;<br \/>\n\tmso-style-link:&quot;Pie de p&aacute;gina Car&quot;;<br \/>\n\tmargin:0cm;<br \/>\n\tmargin-bottom:.0001pt;<br \/>\n\tmso-pagination:widow-orphan;<br \/>\n\ttab-stops:center 212.6pt right 425.2pt;<br \/>\n\tfont-size:11.0pt;<br \/>\n\tfont-family:&quot;Calibri&quot;,sans-serif;<br \/>\n\tmso-ascii-font-family:Calibri;<br \/>\n\tmso-ascii-theme-font:minor-latin;<br \/>\n\tmso-fareast-font-family:SimSun;<br \/>\n\tmso-fareast-theme-font:minor-fareast;<br \/>\n\tmso-hansi-font-family:Calibri;<br \/>\n\tmso-hansi-theme-font:minor-latin;<br \/>\n\tmso-bidi-font-family:&quot;Times New Roman&quot;;<br \/>\n\tmso-bidi-theme-font:minor-bidi;}<br \/>\nspan.EncabezadoCar<br \/>\n\t{mso-style-name:&quot;Encabezado Car&quot;;<br \/>\n\tmso-style-priority:99;<br \/>\n\tmso-style-unhide:no;<br \/>\n\tmso-style-locked:yes;<br \/>\n\tmso-style-link:Encabezado;}<br \/>\nspan.PiedepginaCar<br \/>\n\t{mso-style-name:&quot;Pie de p&aacute;gina Car&quot;;<br \/>\n\tmso-style-priority:99;<br \/>\n\tmso-style-unhide:no;<br \/>\n\tmso-style-locked:yes;<br \/>\n\tmso-style-link:&quot;Pie de p&aacute;gina&quot;;}<br \/>\n.zimbra1<br \/>\n\t{mso-style-type:export-only;<br \/>\n\tmso-default-props:yes;<br \/>\n\tfont-family:&quot;Calibri&quot;,sans-serif;<br \/>\n\tmso-ascii-font-family:Calibri;<br \/>\n\tmso-ascii-theme-font:minor-latin;<br \/>\n\tmso-fareast-font-family:SimSun;<br \/>\n\tmso-fareast-theme-font:minor-fareast;<br \/>\n\tmso-hansi-font-family:Calibri;<br \/>\n\tmso-hansi-theme-font:minor-latin;<br \/>\n\tmso-bidi-font-family:&quot;Times New Roman&quot;;<br \/>\n\tmso-bidi-theme-font:minor-bidi;}<br \/>\n.zimbra2<br \/>\n\t{mso-style-type:export-only;<br \/>\n\tmargin-bottom:8.0pt;<br \/>\n\tline-height:107%;}<br \/>\n@page WordSection1<br \/>\n\t{size:595.3pt 841.9pt;<br \/>\n\tmargin:70.85pt 3.0cm 70.85pt 3.0cm;<br \/>\n\tmso-header-margin:35.4pt;<br \/>\n\tmso-footer-margin:35.4pt;<br \/>\n\tmso-paper-source:0;}<br \/>\ndiv.WordSection1<br \/>\n\t{page:WordSection1;}<br \/>\n&#8211;&gt;<br \/>\nBuenas tardes, compa\u00f1eros\/as.\u00a0M\u00e1s im\u00e1genes en nuestro canal de Flickr:\u00a0https:\/\/www.flickr.com\/photos\/cabildodegrancanaria\/albums\/72177720334946854\/Fotos: David Delfour \/ Cabildo de Gran Canaria\u00a0      El Cabildo financia la mejora de la EDAR del Sureste y dos proyectos de movilidad sostenible y eficiencia energ\u00e9tica en la comarca NorteEl pleno da luz verde a destinar 3,2 millones a las Mancomunidades dentro de su Plan de Cooperaci\u00f3n con las entidades localesEl Gobierno de la isla tambi\u00e9n financiar\u00e1 mejoras en el espacio urbano en Artenara y Telde por valor de 400.000 eurosGran Canaria, 31 de julio de 2026 \u2013 El pleno del Cabildo dio hoy luz verde a financiar con 2 millones de euros distintas actuaciones impulsadas por la Mancomunidad del Norte y otros 1,2 millones para la Mancomunidad del Sureste, en ambos casos con cargo al Plan de Cooperaci\u00f3n con las entidades locales del Gobierno de la isla que gestiona el \u00e1rea de Cooperaci\u00f3n Institucional y Solidaridad Internacional y que coordina el consejero Carmelo Ram\u00edrez. \u00a0En el caso de la Mancomunidad del Norte, los 2 millones de euros liberados permitir\u00e1n financiar \u00edntegramente dos actuaciones. Se trata por un lado del proyecto para mejorar la movilidad sostenible del parque m\u00f3vil de los municipios con la integran por un importe de 756.000 euros y, por otro, de la mejora de la eficiencia energ\u00e9tica del alumbrado y las instalaciones p\u00fablicas, as\u00ed como la direcci\u00f3n de obra y la coordinaci\u00f3n de seguridad y salud, por valor de algo m\u00e1s de 1,2 millones.En cuanto a la Mancomunidad del Sureste, el Cabildo aportar\u00e1 a trav\u00e9s del Plan de Cooperaci\u00f3n 1,2 millones para el proyecto de adecuaci\u00f3n y mejora del pretratamiento de la Estaci\u00f3n Depurador de Aguas Residuales (EDAR), una instalaci\u00f3n vital para la comarca que necesita adaptarse a las nuevas necesidades y al crecimiento poblacional.Por otro lado, en la sesi\u00f3n plenaria de esta ma\u00f1ana tambi\u00e9n se aprob\u00f3 destinar 384.000 euros del Plan de Cooperaci\u00f3n con los Ayuntamientos a la corporaci\u00f3n local de Artenara para acometer el adoquinado, la construcci\u00f3n de muros de piedra y la colocaci\u00f3n de una barandilla en la calle P\u00e1rroco Domingo B\u00e1ez, as\u00ed como otros 15.000 euros a Telde para afrontar la direcci\u00f3n de obra y la coordinaci\u00f3n de seguridad y salud de la urbanizaci\u00f3n de la calle Poeta Pablo Neruda.En el programa de actuaci\u00f3n del actual Gobierno del Cabildo de Gran Canaria se contempla mantener el esfuerzo inversor realizado hasta ahora con los distintos Planes de Cooperaci\u00f3n Local. Para ello se ha convenido mantener el \u00e1mbito de la cooperaci\u00f3n econ\u00f3mica del Cabildo a las Mancomunidades de Municipios de la Isla y ayuntamientos.Para ello se ha dotado con 12 millones de euros la cooperaci\u00f3n econ\u00f3mica con las Mancomunidades de Municipios de la Isla para los ejercicios 2024-2027 y de otros 60 millones de euros para el Plan de Cooperaci\u00f3n con los Ayuntamientos, prestando en ambos casos una especial atenci\u00f3n a las iniciativas locales o comarcales de inversi\u00f3n cuya finalidad sea el fomento de la diversificaci\u00f3n econ\u00f3mica, la prestaci\u00f3n con la m\u00e1xima calidad de los servicios esenciales, la ejecuci\u00f3n de infraestructuras b\u00e1sicas o avanzar en la consecuci\u00f3n de los objetivos de desarrollo sostenible, entre otros criterios.<\/p>\n<p>&lt;!&#8211;<br \/>\n \/* Font Definitions *\/<br \/>\n @font-face<br \/>\n\t{font-family:SimSun;<br \/>\n\tpanose-1:2 1 6 0 3 1 1 1 1 1;<br \/>\n\tmso-font-alt:&#23435;&#20307;;<br \/>\n\tmso-font-charset:134;<br \/>\n\tmso-generic-font-family:auto;<br \/>\n\tmso-font-pitch:variable;<br \/>\n\tmso-font-signature:515 680460288 22 0 262145 0;}<br \/>\n@font-face<br \/>\n\t{font-family:&quot;Cambria Math&quot;;<br \/>\n\tpanose-1:2 4 5 3 5 4 6 3 2 4;<br \/>\n\tmso-font-charset:1;<br \/>\n\tmso-generic-font-family:roman;<br \/>\n\tmso-font-pitch:variable;<br \/>\n\tmso-font-signature:0 0 0 0 0 0;}<br \/>\n@font-face<br \/>\n\t{font-family:Calibri;<br \/>\n\tpanose-1:2 15 5 2 2 2 4 3 2 4;<br \/>\n\tmso-font-charset:0;<br \/>\n\tmso-generic-font-family:swiss;<br \/>\n\tmso-font-pitch:variable;<br \/>\n\tmso-font-signature:-469750017 -1073732485 9 0 511 0;}<br \/>\n@font-face<br \/>\n\t{font-family:&quot;@SimSun&quot;;<br \/>\n\tpanose-1:2 1 6 0 3 1 1 1 1 1;<br \/>\n\tmso-font-charset:134;<br \/>\n\tmso-generic-font-family:auto;<br \/>\n\tmso-font-pitch:variable;<br \/>\n\tmso-font-signature:515 680460288 22 0 262145 0;}<br \/>\n \/* Style Definitions *\/<br \/>\n p.MsoNormal, li.MsoNormal, div.MsoNormal<br \/>\n\t{mso-style-unhide:no;<br \/>\n\tmso-style-qformat:yes;<br \/>\n\tmso-style-parent:&quot;&quot;;<br \/>\n\tmargin-top:0cm;<br \/>\n\tmargin-right:0cm;<br \/>\n\tmargin-bottom:8.0pt;<br \/>\n\tmargin-left:0cm;<br \/>\n\tline-height:107%;<br \/>\n\tmso-pagination:widow-orphan;<br \/>\n\tfont-size:11.0pt;<br \/>\n\tfont-family:&quot;Calibri&quot;,sans-serif;<br \/>\n\tmso-ascii-font-family:Calibri;<br \/>\n\tmso-ascii-theme-font:minor-latin;<br \/>\n\tmso-fareast-font-family:SimSun;<br \/>\n\tmso-fareast-theme-font:minor-fareast;<br \/>\n\tmso-hansi-font-family:Calibri;<br \/>\n\tmso-hansi-theme-font:minor-latin;<br \/>\n\tmso-bidi-font-family:&quot;Times New Roman&quot;;<br \/>\n\tmso-bidi-theme-font:minor-bidi;}<br \/>\np.MsoHeader, li.MsoHeader, div.MsoHeader<br \/>\n\t{mso-style-priority:99;<br \/>\n\tmso-style-link:&quot;Encabezado Car&quot;;<br \/>\n\tmargin:0cm;<br \/>\n\tmargin-bottom:.0001pt;<br \/>\n\tmso-pagination:widow-orphan;<br \/>\n\ttab-stops:center 212.6pt right 425.2pt;<br \/>\n\tfont-size:11.0pt;<br \/>\n\tfont-family:&quot;Calibri&quot;,sans-serif;<br \/>\n\tmso-ascii-font-family:Calibri;<br \/>\n\tmso-ascii-theme-font:minor-latin;<br \/>\n\tmso-fareast-font-family:SimSun;<br \/>\n\tmso-fareast-theme-font:minor-fareast;<br \/>\n\tmso-hansi-font-family:Calibri;<br \/>\n\tmso-hansi-theme-font:minor-latin;<br \/>\n\tmso-bidi-font-family:&quot;Times New Roman&quot;;<br \/>\n\tmso-bidi-theme-font:minor-bidi;}<br \/>\np.MsoFooter, li.MsoFooter, div.MsoFooter<br \/>\n\t{mso-style-priority:99;<br \/>\n\tmso-style-link:&quot;Pie de p&aacute;gina Car&quot;;<br \/>\n\tmargin:0cm;<br \/>\n\tmargin-bottom:.0001pt;<br \/>\n\tmso-pagination:widow-orphan;<br \/>\n\ttab-stops:center 212.6pt right 425.2pt;<br \/>\n\tfont-size:11.0pt;<br \/>\n\tfont-family:&quot;Calibri&quot;,sans-serif;<br \/>\n\tmso-ascii-font-family:Calibri;<br \/>\n\tmso-ascii-theme-font:minor-latin;<br \/>\n\tmso-fareast-font-family:SimSun;<br \/>\n\tmso-fareast-theme-font:minor-fareast;<br \/>\n\tmso-hansi-font-family:Calibri;<br \/>\n\tmso-hansi-theme-font:minor-latin;<br \/>\n\tmso-bidi-font-family:&quot;Times New Roman&quot;;<br \/>\n\tmso-bidi-theme-font:minor-bidi;}<br \/>\nspan.EncabezadoCar<br \/>\n\t{mso-style-name:&quot;Encabezado Car&quot;;<br \/>\n\tmso-style-priority:99;<br \/>\n\tmso-style-unhide:no;<br \/>\n\tmso-style-locked:yes;<br \/>\n\tmso-style-link:Encabezado;}<br \/>\nspan.PiedepginaCar<br \/>\n\t{mso-style-name:&quot;Pie de p&aacute;gina Car&quot;;<br \/>\n\tmso-style-priority:99;<br \/>\n\tmso-style-unhide:no;<br \/>\n\tmso-style-locked:yes;<br \/>\n\tmso-style-link:&quot;Pie de p&aacute;gina&quot;;}<br \/>\n.zimbra1<br \/>\n\t{mso-style-type:export-only;<br \/>\n\tmso-default-props:yes;<br \/>\n\tfont-family:&quot;Calibri&quot;,sans-serif;<br \/>\n\tmso-ascii-font-family:Calibri;<br \/>\n\tmso-ascii-theme-font:minor-latin;<br \/>\n\tmso-fareast-font-family:SimSun;<br \/>\n\tmso-fareast-theme-font:minor-fareast;<br \/>\n\tmso-hansi-font-family:Calibri;<br \/>\n\tmso-hansi-theme-font:minor-latin;<br \/>\n\tmso-bidi-font-family:&quot;Times New Roman&quot;;<br \/>\n\tmso-bidi-theme-font:minor-bidi;}<br \/>\n.zimbra2<br \/>\n\t{mso-style-type:export-only;<br \/>\n\tmargin-bottom:8.0pt;<br \/>\n\tline-height:107%;}<br \/>\n@page WordSection1<br \/>\n\t{size:595.3pt 841.9pt;<br \/>\n\tmargin:70.85pt 3.0cm 70.85pt 3.0cm;<br \/>\n\tmso-header-margin:35.4pt;<br \/>\n\tmso-footer-margin:35.4pt;<br \/>\n\tmso-paper-source:0;}<br \/>\ndiv.WordSection1<br \/>\n\t{page:WordSection1;}<br \/>\n&#8211;&gt;<\/p>\n<p>Buenas tardes, compa\u00f1eros\/as.\u00a0<\/p>\n<p>M\u00e1s im\u00e1genes en nuestro canal de Flickr:\u00a0https:\/\/www.flickr.com\/photos\/cabildodegrancanaria\/albums\/72177720334946854\/<\/p>\n<p>Fotos: David Delfour \/ Cabildo de Gran Canaria\u00a0<\/p>\n<p>El Cabildo financia la mejora de la EDAR del Sureste y dos proyectos de movilidad sostenible y eficiencia energ\u00e9tica en la comarca NorteEl pleno da luz verde a destinar 3,2 millones a las Mancomunidades dentro de su Plan de Cooperaci\u00f3n con las entidades localesEl Gobierno de la isla tambi\u00e9n financiar\u00e1 mejoras en el espacio urbano en Artenara y Telde por valor de 400.000 eurosGran Canaria, 31 de julio de 2026 \u2013 El pleno del Cabildo dio hoy luz verde a financiar con 2 millones de euros distintas actuaciones impulsadas por la Mancomunidad del Norte y otros 1,2 millones para la Mancomunidad del Sureste, en ambos casos con cargo al Plan de Cooperaci\u00f3n con las entidades locales del Gobierno de la isla que gestiona el \u00e1rea de Cooperaci\u00f3n Institucional y Solidaridad Internacional y que coordina el consejero Carmelo Ram\u00edrez. \u00a0En el caso de la Mancomunidad del Norte, los 2 millones de euros liberados permitir\u00e1n financiar \u00edntegramente dos actuaciones. Se trata por un lado del proyecto para mejorar la movilidad sostenible del parque m\u00f3vil de los municipios con la integran por un importe de 756.000 euros y, por otro, de la mejora de la eficiencia energ\u00e9tica del alumbrado y las instalaciones p\u00fablicas, as\u00ed como la direcci\u00f3n de obra y la coordinaci\u00f3n de seguridad y salud, por valor de algo m\u00e1s de 1,2 millones.En cuanto a la Mancomunidad del Sureste, el Cabildo aportar\u00e1 a trav\u00e9s del Plan de Cooperaci\u00f3n 1,2 millones para el proyecto de adecuaci\u00f3n y mejora del pretratamiento de la Estaci\u00f3n Depurador de Aguas Residuales (EDAR), una instalaci\u00f3n vital para la comarca que necesita adaptarse a las nuevas necesidades y al crecimiento poblacional.Por otro lado, en la sesi\u00f3n plenaria de esta ma\u00f1ana tambi\u00e9n se aprob\u00f3 destinar 384.000 euros del Plan de Cooperaci\u00f3n con los Ayuntamientos a la corporaci\u00f3n local de Artenara para acometer el adoquinado, la construcci\u00f3n de muros de piedra y la colocaci\u00f3n de una barandilla en la calle P\u00e1rroco Domingo B\u00e1ez, as\u00ed como otros 15.000 euros a Telde para afrontar la direcci\u00f3n de obra y la coordinaci\u00f3n de seguridad y salud de la urbanizaci\u00f3n de la calle Poeta Pablo Neruda.En el programa de actuaci\u00f3n del actual Gobierno del Cabildo de Gran Canaria se contempla mantener el esfuerzo inversor realizado hasta ahora con los distintos Planes de Cooperaci\u00f3n Local. Para ello se ha convenido mantener el \u00e1mbito de la cooperaci\u00f3n econ\u00f3mica del Cabildo a las Mancomunidades de Municipios de la Isla y ayuntamientos.Para ello se ha dotado con 12 millones de euros la cooperaci\u00f3n econ\u00f3mica con las Mancomunidades de Municipios de la Isla para los ejercicios 2024-2027 y de otros 60 millones de euros para el Plan de Cooperaci\u00f3n con los Ayuntamientos, prestando en ambos casos una especial atenci\u00f3n a las iniciativas locales o comarcales de inversi\u00f3n cuya finalidad sea el fomento de la diversificaci\u00f3n econ\u00f3mica, la prestaci\u00f3n con la m\u00e1xima calidad de los servicios esenciales, la ejecuci\u00f3n de infraestructuras b\u00e1sicas o avanzar en la consecuci\u00f3n de los objetivos de desarrollo sostenible, entre otros criterios.<\/p>\n<p>El Cabildo financia la mejora de la EDAR del Sureste y dos proyectos de movilidad sostenible y eficiencia energ\u00e9tica en la comarca Norte<\/p>\n<p>El pleno da luz verde a destinar 3,2 millones a las Mancomunidades dentro de su Plan de Cooperaci\u00f3n con las entidades locales<\/p>\n<p>El Gobierno de la isla tambi\u00e9n financiar\u00e1 mejoras en el espacio urbano en Artenara y Telde por valor de 400.000 euros<\/p>\n<p>Gran Canaria, 31 de julio de 2026 \u2013 El pleno del Cabildo dio hoy luz verde a financiar con 2 millones de euros distintas actuaciones impulsadas por la Mancomunidad del Norte y otros 1,2 millones para la Mancomunidad del Sureste, en ambos casos con cargo al Plan de Cooperaci\u00f3n con las entidades locales del Gobierno de la isla que gestiona el \u00e1rea de Cooperaci\u00f3n Institucional y Solidaridad Internacional y que coordina el consejero Carmelo Ram\u00edrez. \u00a0<\/p>\n<p>En el caso de la Mancomunidad del Norte, los 2 millones de euros liberados permitir\u00e1n financiar \u00edntegramente dos actuaciones. Se trata por un lado del proyecto para mejorar la movilidad sostenible del parque m\u00f3vil de los municipios con la integran por un importe de 756.000 euros y, por otro, de la mejora de la eficiencia energ\u00e9tica del alumbrado y las instalaciones p\u00fablicas, as\u00ed como la direcci\u00f3n de obra y la coordinaci\u00f3n de seguridad y salud, por valor de algo m\u00e1s de 1,2 millones.<\/p>\n<p>En cuanto a la Mancomunidad del Sureste, el Cabildo aportar\u00e1 a trav\u00e9s del Plan de Cooperaci\u00f3n 1,2 millones para el proyecto de adecuaci\u00f3n y mejora del pretratamiento de la Estaci\u00f3n Depurador de Aguas Residuales (EDAR), una instalaci\u00f3n vital para la comarca que necesita adaptarse a las nuevas necesidades y al crecimiento poblacional.<\/p>\n<p>Por otro lado, en la sesi\u00f3n plenaria de esta ma\u00f1ana tambi\u00e9n se aprob\u00f3 destinar 384.000 euros del Plan de Cooperaci\u00f3n con los Ayuntamientos a la corporaci\u00f3n local de Artenara para acometer el adoquinado, la construcci\u00f3n de muros de piedra y la colocaci\u00f3n de una barandilla en la calle P\u00e1rroco Domingo B\u00e1ez, as\u00ed como otros 15.000 euros a Telde para afrontar la direcci\u00f3n de obra y la coordinaci\u00f3n de seguridad y salud de la urbanizaci\u00f3n de la calle Poeta Pablo Neruda.<\/p>\n<p>En el programa de actuaci\u00f3n del actual Gobierno del Cabildo de Gran Canaria se contempla mantener el esfuerzo inversor realizado hasta ahora con los distintos Planes de Cooperaci\u00f3n Local. Para ello se ha convenido mantener el \u00e1mbito de la cooperaci\u00f3n econ\u00f3mica del Cabildo a las Mancomunidades de Municipios de la Isla y ayuntamientos.<\/p>\n<p>Para ello se ha dotado con 12 millones de euros la cooperaci\u00f3n econ\u00f3mica con las Mancomunidades de Municipios de la Isla para los ejercicios 2024-2027 y de otros 60 millones de euros para el Plan de Cooperaci\u00f3n con los Ayuntamientos, prestando en ambos casos una especial atenci\u00f3n a las iniciativas locales o comarcales de inversi\u00f3n cuya finalidad sea el fomento de la diversificaci\u00f3n econ\u00f3mica, la prestaci\u00f3n con la m\u00e1xima calidad de los servicios esenciales, la ejecuci\u00f3n de infraestructuras b\u00e1sicas o avanzar en la consecuci\u00f3n de los objetivos de desarrollo sostenible, entre otros criterios.<\/p>\n","protected":false},"excerpt":{"rendered":"<p>&lt;!&#8211; \/* Font Definitions *\/ @font-face {font-family:SimSun; panose-1:2 1 6 0 3 1 1 1 1 1; mso-font-alt:&#23435;&#20307;; mso-font-charset:134; mso-generic-font-family:auto; mso-font-pitch:variable; mso-font-signature:515 680460288 22 0 262145 0;} @font-face {font-family:&quot;Cambria Math&quot;;&hellip;<\/p>\n","protected":false},"author":1,"featured_media":914,"comment_status":"open","ping_status":"open","sticky":false,"template":"","format":"standard","meta":{"wpai_generated_summary":"","wpai_meta_description":"","footnotes":""},"categories":[148],"tags":[],"class_list":["post-913","post","type-post","status-publish","format-standard","has-post-thumbnail","hentry","category-cabildo-de-gran-canaria"],"_links":{"self":[{"href":"https:\/\/nublo.tv\/index.php\/wp-json\/wp\/v2\/posts\/913","targetHints":{"allow":["GET"]}}],"collection":[{"href":"https:\/\/nublo.tv\/index.php\/wp-json\/wp\/v2\/posts"}],"about":[{"href":"https:\/\/nublo.tv\/index.php\/wp-json\/wp\/v2\/types\/post"}],"author":[{"embeddable":true,"href":"https:\/\/nublo.tv\/index.php\/wp-json\/wp\/v2\/users\/1"}],"replies":[{"embeddable":true,"href":"https:\/\/nublo.tv\/index.php\/wp-json\/wp\/v2\/comments?post=913"}],"version-history":[{"count":1,"href":"https:\/\/nublo.tv\/index.php\/wp-json\/wp\/v2\/posts\/913\/revisions"}],"predecessor-version":[{"id":957,"href":"https:\/\/nublo.tv\/index.php\/wp-json\/wp\/v2\/posts\/913\/revisions\/957"}],"wp:featuredmedia":[{"embeddable":true,"href":"https:\/\/nublo.tv\/index.php\/wp-json\/wp\/v2\/media\/914"}],"wp:attachment":[{"href":"https:\/\/nublo.tv\/index.php\/wp-json\/wp\/v2\/media?parent=913"}],"wp:term":[{"taxonomy":"category","embeddable":true,"href":"https:\/\/nublo.tv\/index.php\/wp-json\/wp\/v2\/categories?post=913"},{"taxonomy":"post_tag","embeddable":true,"href":"https:\/\/nublo.tv\/index.php\/wp-json\/wp\/v2\/tags?post=913"}],"curies":[{"name":"wp","href":"https:\/\/api.w.org\/{rel}","templated":true}]}}