{"id":915,"date":"2026-08-04T23:49:14","date_gmt":"2026-08-04T22:49:14","guid":{"rendered":"https:\/\/nublo.tv\/?p=915"},"modified":"2026-08-04T23:49:14","modified_gmt":"2026-08-04T22:49:14","slug":"el-cabildo-entra-en-el-accionariado-de-la-sociedad-estatal-ineco-para-agilizar-la-redaccion-y-gestion-de-proyectos-estrategicos-en-gran-canaria-2","status":"publish","type":"post","link":"https:\/\/nublo.tv\/index.php\/2026\/08\/04\/el-cabildo-entra-en-el-accionariado-de-la-sociedad-estatal-ineco-para-agilizar-la-redaccion-y-gestion-de-proyectos-estrategicos-en-gran-canaria-2\/","title":{"rendered":"El Cabildo entra en el accionariado de la sociedad estatal INECO para agilizar la redaccio\u0301n y gestio\u0301n de proyectos estrate\u0301gicos en Gran Canaria"},"content":{"rendered":"<p>El Cabildo entra en el accionariado de la sociedad estatal INECO para agilizar la redacci\u00f3n y gesti\u00f3n de proyectos estrat\u00e9gicos en Gran Canaria<\/p>\n<p>El pleno acuerda formalizar la adquisici\u00f3n de una acci\u00f3n de la entidad estatal Ingenier\u00eda y Econom\u00eda del Transportes (INECO)<\/p>\n<p>Aportar\u00e1 su experiencia t\u00e9cnica en infraestructuras ferroviarias para el desarrollo del proyecto del tren de Gran Canaria<\/p>\n<p>Gran Canaria, 31 de julio de 2026. El pleno del Cabildo de Gran Canaria ha acordado hoy formalizar la adquisici\u00f3n de una acci\u00f3n de la sociedad estatal Ingenier\u00eda y Econom\u00eda del Transporte (INECO) por un valor nominal de 125,01 euros y un valor real de adquisici\u00f3n de 1.246,13 euros, paso que en la pr\u00e1ctica implica la entrada del Gobierno de la Isla en el accionariado en el marco de una ampliaci\u00f3n de capital que contempla que pueda encargar directamente a la empresa p\u00fablica como medio propio la redacci\u00f3n y gesti\u00f3n de proyectos estrat\u00e9gicos.<\/p>\n<p>La iniciativa suscrita hoy en sesi\u00f3n plenaria designa tambi\u00e9n al consejero de Presidencia y Movilidad Sostenible del Cabildo de Gran Canaria, Teodoro Sosa, como representante insular en la Junta General de Accionistas de INECO, y al consejero de Obras P\u00fablicas, Vivienda y Movilidad del Gobierno de Canarias, Pablo Rodr\u00edguez, como representante del Cabildo en el Consejo de Administraci\u00f3n de INECO.<\/p>\n<p>El presidente del Cabildo de Gran Canaria, Antonio Morales, destac\u00f3 que \u201cesta decisi\u00f3n refuerza nuestra capacidad para impulsar proyectos estrat\u00e9gicos con mayor eficacia, apoy\u00e1ndonos en recursos p\u00fablicos especializados y en una colaboraci\u00f3n m\u00e1s estrecha entre administraciones\u201d.<\/p>\n<p>INECO, empresa \u00edntegramente p\u00fablica, ha estado participada hasta ahora exclusivamente por entidades de la Administraci\u00f3n General del Estado, como ENAIRE, ADIF y Renfe. La apertura de su accionariado a los Cabildos supone un paso relevante para fortalecer la cooperaci\u00f3n institucional y ampliar su \u00e1mbito de actuaci\u00f3n a nuevas administraciones p\u00fablicas.<\/p>\n<p>La incorporaci\u00f3n permitir\u00e1 al Cabildo de Gran Canaria agilizar la contrataci\u00f3n de proyectos mediante la encomienda directa a INECO, reduciendo los plazos administrativos y mejorando la eficiencia en la ejecuci\u00f3n de actuaciones de inter\u00e9s insular.<\/p>\n<p>Impulso al tren de Gran Canaria<\/p>\n<p>&nbsp;<\/p>\n<p>En este marco, la compa\u00f1\u00eda aportar\u00e1 su experiencia t\u00e9cnica en infraestructuras ferroviarias para el desarrollo del proyecto del tren de Gran Canaria. Entre las actuaciones previstas se incluyen la gesti\u00f3n de expropiaciones, la redacci\u00f3n de pliegos y documentaci\u00f3n para la licitaci\u00f3n de las distintas fases, as\u00ed como la direcci\u00f3n y supervisi\u00f3n de proyectos (PMO) y el apoyo t\u00e9cnico durante la ejecuci\u00f3n de las obras.<\/p>\n<p>Desde el Cabildo de Gran Canaria se prev\u00e9 que esta f\u00f3rmula contribuya a garantizar la continuidad t\u00e9cnica de los trabajos, apoy\u00e1ndose en el conocimiento especializado de INECO, y a acelerar el desarrollo de infraestructuras clave para la isla.<\/p>\n<p>INECO ha valorado positivamente este acuerdo y ha reiterado su compromiso con el desarrollo sostenible y la mejora de la conectividad en Canarias, poniendo a disposici\u00f3n de las administraciones su capacidad t\u00e9cnica, experiencia en la gesti\u00f3n de infraestructuras y apoyo operativo en todas las fases del proyecto del tren de Gran Canaria.<\/p>\n<p>&nbsp;<\/p>\n","protected":false},"excerpt":{"rendered":"<p>El Cabildo entra en el accionariado de la sociedad estatal INECO para agilizar la redacci\u00f3n y gesti\u00f3n de proyectos estrat\u00e9gicos en Gran Canaria El pleno acuerda formalizar la adquisici\u00f3n de&hellip;<\/p>\n","protected":false},"author":1,"featured_media":916,"comment_status":"open","ping_status":"open","sticky":false,"template":"","format":"standard","meta":{"wpai_generated_summary":"","wpai_meta_description":"","footnotes":""},"categories":[148],"tags":[],"class_list":["post-915","post","type-post","status-publish","format-standard","has-post-thumbnail","hentry","category-cabildo-de-gran-canaria"],"_links":{"self":[{"href":"https:\/\/nublo.tv\/index.php\/wp-json\/wp\/v2\/posts\/915","targetHints":{"allow":["GET"]}}],"collection":[{"href":"https:\/\/nublo.tv\/index.php\/wp-json\/wp\/v2\/posts"}],"about":[{"href":"https:\/\/nublo.tv\/index.php\/wp-json\/wp\/v2\/types\/post"}],"author":[{"embeddable":true,"href":"https:\/\/nublo.tv\/index.php\/wp-json\/wp\/v2\/users\/1"}],"replies":[{"embeddable":true,"href":"https:\/\/nublo.tv\/index.php\/wp-json\/wp\/v2\/comments?post=915"}],"version-history":[{"count":1,"href":"https:\/\/nublo.tv\/index.php\/wp-json\/wp\/v2\/posts\/915\/revisions"}],"predecessor-version":[{"id":956,"href":"https:\/\/nublo.tv\/index.php\/wp-json\/wp\/v2\/posts\/915\/revisions\/956"}],"wp:featuredmedia":[{"embeddable":true,"href":"https:\/\/nublo.tv\/index.php\/wp-json\/wp\/v2\/media\/916"}],"wp:attachment":[{"href":"https:\/\/nublo.tv\/index.php\/wp-json\/wp\/v2\/media?parent=915"}],"wp:term":[{"taxonomy":"category","embeddable":true,"href":"https:\/\/nublo.tv\/index.php\/wp-json\/wp\/v2\/categories?post=915"},{"taxonomy":"post_tag","embeddable":true,"href":"https:\/\/nublo.tv\/index.php\/wp-json\/wp\/v2\/tags?post=915"}],"curies":[{"name":"wp","href":"https:\/\/api.w.org\/{rel}","templated":true}]}}